{"id":8518,"date":"2021-12-01T11:15:36","date_gmt":"2021-12-01T14:15:36","guid":{"rendered":"https:\/\/www.amau.com.br\/site\/?p=8518"},"modified":"2021-12-01T11:15:36","modified_gmt":"2021-12-01T14:15:36","slug":"competicao-marca-acao-pelo-novembro-azul-em-severiano-de-almeida","status":"publish","type":"post","link":"https:\/\/www.amau.com.br\/site\/competicao-marca-acao-pelo-novembro-azul-em-severiano-de-almeida\/","title":{"rendered":"Competi\u00e7\u00e3o marca a\u00e7\u00e3o pelo Novembro Azul em Severiano de Almeida"},"content":{"rendered":"<p><img fetchpriority=\"high\" decoding=\"async\" class=\"alignnone size-medium wp-image-8519\" src=\"https:\/\/www.amau.com.br\/site\/wp-content\/uploads\/2021\/12\/WhatsApp-Image-2021-12-01-at-10.54.04-1-300x200.jpeg\" alt=\"\" width=\"300\" height=\"200\" srcset=\"https:\/\/www.amau.com.br\/site\/wp-content\/uploads\/2021\/12\/WhatsApp-Image-2021-12-01-at-10.54.04-1-300x200.jpeg 300w, https:\/\/www.amau.com.br\/site\/wp-content\/uploads\/2021\/12\/WhatsApp-Image-2021-12-01-at-10.54.04-1-1024x683.jpeg 1024w, https:\/\/www.amau.com.br\/site\/wp-content\/uploads\/2021\/12\/WhatsApp-Image-2021-12-01-at-10.54.04-1-768x512.jpeg 768w, https:\/\/www.amau.com.br\/site\/wp-content\/uploads\/2021\/12\/WhatsApp-Image-2021-12-01-at-10.54.04-1.jpeg 1280w\" sizes=\"(max-width: 300px) 100vw, 300px\" \/><\/p>\n<p style=\"text-align: justify\">Homens de Severiano de Almeida tiveram um desafio diferente no \u00faltimo s\u00e1bado, 27. Em a\u00e7\u00e3o realizada pela Secretaria de Sa\u00fade do munic\u00edpio, eles foram desafiados na competi\u00e7\u00e3o de cinquilho. Mas o objetivo n\u00e3o era apenas competir.<\/p>\n<p style=\"text-align: justify\">O Secret\u00e1rio de Sa\u00fade de Severiano de Almeida, Dimas Dandolini, explica que a atividade tinha como meta tamb\u00e9m chamar a aten\u00e7\u00e3o de homens do munic\u00edpio para os objetivos do Novembro Azul, m\u00eas dedicado ao combate do c\u00e2ncer de pr\u00f3stata, e atingiu seu objetivo, pois o evento foi um sucesso.<\/p>\n<p style=\"text-align: justify\">Cada competidor tamb\u00e9m ganhou um chap\u00e9u alusivo ao Novembro Azul. Al\u00e9m de premia\u00e7\u00e3o para os melhores colocados:<br \/>\nPrimeiro Lugar &#8211; Jos\u00e9 Pereira e Moacir Batisti<br \/>\nSegundo lugar &#8211; Milto Vendruscolo e Jair kammler<br \/>\nTerceiro lugar &#8211; Nademir Beulke e Orides Lorini<br \/>\nQuarto lugar &#8211; Ant\u00f4nio Tavares e Neri Tavares<\/p>\n<p style=\"text-align: justify\">A data \u00e9 um movimento mundial que acontece durante o m\u00eas de novembro para refor\u00e7ar a import\u00e2ncia da preven\u00e7\u00e3o e do diagn\u00f3stico precoce do c\u00e2ncer de pr\u00f3stata. A doen\u00e7a \u00e9 o segundo tipo de c\u00e2ncer mais comum entre os homens brasileiros e as maiores v\u00edtimas s\u00e3o homens a partir dos 50 anos, al\u00e9m de pessoas com presen\u00e7a da doen\u00e7a em parentes de primeiro grau, como pai, irm\u00e3o ou filho.<\/p>\n<p style=\"text-align: justify\">Para preven\u00e7\u00e3o, especialistas alertam para h\u00e1bitos saud\u00e1veis como manter uma alimenta\u00e7\u00e3o saud\u00e1vel e equilibrada; n\u00e3o fumar; identificar e tratar adequadamente a press\u00e3o alta, diabetes e problemas de colesterol; manter um peso saud\u00e1vel al\u00e9m de praticar regularmente atividades f\u00edsicas.<\/p>\n<p><img decoding=\"async\" class=\"alignnone size-medium wp-image-8520\" src=\"https:\/\/www.amau.com.br\/site\/wp-content\/uploads\/2021\/12\/WhatsApp-Image-2021-12-01-at-10.54.05-300x200.jpeg\" alt=\"\" width=\"300\" height=\"200\" srcset=\"https:\/\/www.amau.com.br\/site\/wp-content\/uploads\/2021\/12\/WhatsApp-Image-2021-12-01-at-10.54.05-300x200.jpeg 300w, https:\/\/www.amau.com.br\/site\/wp-content\/uploads\/2021\/12\/WhatsApp-Image-2021-12-01-at-10.54.05-768x512.jpeg 768w, https:\/\/www.amau.com.br\/site\/wp-content\/uploads\/2021\/12\/WhatsApp-Image-2021-12-01-at-10.54.05.jpeg 800w\" sizes=\"(max-width: 300px) 100vw, 300px\" \/> <img decoding=\"async\" class=\"alignnone size-medium wp-image-8522\" src=\"https:\/\/www.amau.com.br\/site\/wp-content\/uploads\/2021\/12\/WhatsApp-Image-2021-12-01-at-10.54.04-300x200.jpeg\" alt=\"\" width=\"300\" height=\"200\" srcset=\"https:\/\/www.amau.com.br\/site\/wp-content\/uploads\/2021\/12\/WhatsApp-Image-2021-12-01-at-10.54.04-300x200.jpeg 300w, https:\/\/www.amau.com.br\/site\/wp-content\/uploads\/2021\/12\/WhatsApp-Image-2021-12-01-at-10.54.04-1024x683.jpeg 1024w, https:\/\/www.amau.com.br\/site\/wp-content\/uploads\/2021\/12\/WhatsApp-Image-2021-12-01-at-10.54.04-768x512.jpeg 768w, https:\/\/www.amau.com.br\/site\/wp-content\/uploads\/2021\/12\/WhatsApp-Image-2021-12-01-at-10.54.04.jpeg 1280w\" sizes=\"(max-width: 300px) 100vw, 300px\" \/> <img loading=\"lazy\" decoding=\"async\" class=\"alignnone size-medium wp-image-8523\" src=\"https:\/\/www.amau.com.br\/site\/wp-content\/uploads\/2021\/12\/WhatsApp-Image-2021-12-01-at-10.54.05-1-300x217.jpeg\" alt=\"\" width=\"300\" height=\"217\" srcset=\"https:\/\/www.amau.com.br\/site\/wp-content\/uploads\/2021\/12\/WhatsApp-Image-2021-12-01-at-10.54.05-1-300x217.jpeg 300w, https:\/\/www.amau.com.br\/site\/wp-content\/uploads\/2021\/12\/WhatsApp-Image-2021-12-01-at-10.54.05-1-1024x741.jpeg 1024w, https:\/\/www.amau.com.br\/site\/wp-content\/uploads\/2021\/12\/WhatsApp-Image-2021-12-01-at-10.54.05-1-768x556.jpeg 768w, https:\/\/www.amau.com.br\/site\/wp-content\/uploads\/2021\/12\/WhatsApp-Image-2021-12-01-at-10.54.05-1.jpeg 1280w\" sizes=\"(max-width: 300px) 100vw, 300px\" \/><\/p>\n","protected":false},"excerpt":{"rendered":"<p>Homens de Severiano de Almeida tiveram um desafio diferente no \u00faltimo s\u00e1bado, 27. Em a\u00e7\u00e3o realizada pela Secretaria de Sa\u00fade do munic\u00edpio, eles foram desafiados na competi\u00e7\u00e3o de cinquilho. Mas o objetivo n\u00e3o era apenas competir. O Secret\u00e1rio de Sa\u00fade de Severiano de Almeida, Dimas Dandolini, explica que a atividade tinha como meta tamb\u00e9m chamar [&hellip;]<\/p>\n","protected":false},"author":35,"featured_media":8520,"comment_status":"open","ping_status":"open","sticky":false,"template":"","format":"standard","meta":{"ocean_post_layout":"","ocean_both_sidebars_style":"","ocean_both_sidebars_content_width":0,"ocean_both_sidebars_sidebars_width":0,"ocean_sidebar":"","ocean_second_sidebar":"","ocean_disable_margins":"enable","ocean_add_body_class":"","ocean_shortcode_before_top_bar":"","ocean_shortcode_after_top_bar":"","ocean_shortcode_before_header":"","ocean_shortcode_after_header":"","ocean_has_shortcode":"","ocean_shortcode_after_title":"","ocean_shortcode_before_footer_widgets":"","ocean_shortcode_after_footer_widgets":"","ocean_shortcode_before_footer_bottom":"","ocean_shortcode_after_footer_bottom":"","ocean_display_top_bar":"default","ocean_display_header":"default","ocean_header_style":"","ocean_center_header_left_menu":"","ocean_custom_header_template":"","ocean_custom_logo":0,"ocean_custom_retina_logo":0,"ocean_custom_logo_max_width":0,"ocean_custom_logo_tablet_max_width":0,"ocean_custom_logo_mobile_max_width":0,"ocean_custom_logo_max_height":0,"ocean_custom_logo_tablet_max_height":0,"ocean_custom_logo_mobile_max_height":0,"ocean_header_custom_menu":"","ocean_menu_typo_font_family":"","ocean_menu_typo_font_subset":"","ocean_menu_typo_font_size":0,"ocean_menu_typo_font_size_tablet":0,"ocean_menu_typo_font_size_mobile":0,"ocean_menu_typo_font_size_unit":"px","ocean_menu_typo_font_weight":"","ocean_menu_typo_font_weight_tablet":"","ocean_menu_typo_font_weight_mobile":"","ocean_menu_typo_transform":"","ocean_menu_typo_transform_tablet":"","ocean_menu_typo_transform_mobile":"","ocean_menu_typo_line_height":0,"ocean_menu_typo_line_height_tablet":0,"ocean_menu_typo_line_height_mobile":0,"ocean_menu_typo_line_height_unit":"","ocean_menu_typo_spacing":0,"ocean_menu_typo_spacing_tablet":0,"ocean_menu_typo_spacing_mobile":0,"ocean_menu_typo_spacing_unit":"","ocean_menu_link_color":"","ocean_menu_link_color_hover":"","ocean_menu_link_color_active":"","ocean_menu_link_background":"","ocean_menu_link_hover_background":"","ocean_menu_link_active_background":"","ocean_menu_social_links_bg":"","ocean_menu_social_hover_links_bg":"","ocean_menu_social_links_color":"","ocean_menu_social_hover_links_color":"","ocean_disable_title":"default","ocean_disable_heading":"default","ocean_post_title":"","ocean_post_subheading":"","ocean_post_title_style":"","ocean_post_title_background_color":"","ocean_post_title_background":0,"ocean_post_title_bg_image_position":"","ocean_post_title_bg_image_attachment":"","ocean_post_title_bg_image_repeat":"","ocean_post_title_bg_image_size":"","ocean_post_title_height":0,"ocean_post_title_bg_overlay":0.5,"ocean_post_title_bg_overlay_color":"","ocean_disable_breadcrumbs":"default","ocean_breadcrumbs_color":"","ocean_breadcrumbs_separator_color":"","ocean_breadcrumbs_links_color":"","ocean_breadcrumbs_links_hover_color":"","ocean_display_footer_widgets":"default","ocean_display_footer_bottom":"default","ocean_custom_footer_template":"","ocean_post_oembed":"","ocean_post_self_hosted_media":"","ocean_post_video_embed":"","ocean_link_format":"","ocean_link_format_target":"self","ocean_quote_format":"","ocean_quote_format_link":"post","ocean_gallery_link_images":"off","ocean_gallery_id":[],"footnotes":""},"categories":[91],"tags":[],"class_list":["post-8518","post","type-post","status-publish","format-standard","has-post-thumbnail","hentry","category-severiano-de-almeida","entry","has-media"],"yoast_head":"<!-- This site is optimized with the Yoast SEO plugin v27.4 - https:\/\/yoast.com\/product\/yoast-seo-wordpress\/ -->\n<title>Competi\u00e7\u00e3o marca a\u00e7\u00e3o pelo Novembro Azul em Severiano de Almeida - AMAU - Associa\u00e7\u00e3o de Munic\u00edpios do Alto Uruguai<\/title>\n<meta name=\"robots\" content=\"index, follow, max-snippet:-1, max-image-preview:large, max-video-preview:-1\" \/>\n<link rel=\"canonical\" href=\"https:\/\/www.amau.com.br\/site\/competicao-marca-acao-pelo-novembro-azul-em-severiano-de-almeida\/\" \/>\n<meta property=\"og:locale\" content=\"pt_BR\" \/>\n<meta property=\"og:type\" content=\"article\" \/>\n<meta property=\"og:title\" content=\"Competi\u00e7\u00e3o marca a\u00e7\u00e3o pelo Novembro Azul em Severiano de Almeida - AMAU - Associa\u00e7\u00e3o de Munic\u00edpios do Alto Uruguai\" \/>\n<meta property=\"og:description\" content=\"Homens de Severiano de Almeida tiveram um desafio diferente no \u00faltimo s\u00e1bado, 27. Em a\u00e7\u00e3o realizada pela Secretaria de Sa\u00fade do munic\u00edpio, eles foram desafiados na competi\u00e7\u00e3o de cinquilho. Mas o objetivo n\u00e3o era apenas competir. O Secret\u00e1rio de Sa\u00fade de Severiano de Almeida, Dimas Dandolini, explica que a atividade tinha como meta tamb\u00e9m chamar [&hellip;]\" \/>\n<meta property=\"og:url\" content=\"https:\/\/www.amau.com.br\/site\/competicao-marca-acao-pelo-novembro-azul-em-severiano-de-almeida\/\" \/>\n<meta property=\"og:site_name\" content=\"AMAU - Associa\u00e7\u00e3o de Munic\u00edpios do Alto Uruguai\" \/>\n<meta property=\"article:publisher\" content=\"http:\/\/www.facebook.com\/amauaaltouruguai\" \/>\n<meta property=\"article:published_time\" content=\"2021-12-01T14:15:36+00:00\" \/>\n<meta property=\"og:image\" content=\"https:\/\/www.amau.com.br\/site\/wp-content\/uploads\/2021\/12\/WhatsApp-Image-2021-12-01-at-10.54.05.jpeg\" \/>\n\t<meta property=\"og:image:width\" content=\"800\" \/>\n\t<meta property=\"og:image:height\" content=\"533\" \/>\n\t<meta property=\"og:image:type\" content=\"image\/jpeg\" \/>\n<meta name=\"author\" content=\"Severiano de Almeida\" \/>\n<meta name=\"twitter:card\" content=\"summary_large_image\" \/>\n<meta name=\"twitter:label1\" content=\"Escrito por\" \/>\n\t<meta name=\"twitter:data1\" content=\"Severiano de Almeida\" \/>\n\t<meta name=\"twitter:label2\" content=\"Est. tempo de leitura\" \/>\n\t<meta name=\"twitter:data2\" content=\"2 minutos\" \/>\n<script type=\"application\/ld+json\" class=\"yoast-schema-graph\">{\"@context\":\"https:\\\/\\\/schema.org\",\"@graph\":[{\"@type\":\"Article\",\"@id\":\"https:\\\/\\\/www.amau.com.br\\\/site\\\/competicao-marca-acao-pelo-novembro-azul-em-severiano-de-almeida\\\/#article\",\"isPartOf\":{\"@id\":\"https:\\\/\\\/www.amau.com.br\\\/site\\\/competicao-marca-acao-pelo-novembro-azul-em-severiano-de-almeida\\\/\"},\"author\":{\"name\":\"Severiano de Almeida\",\"@id\":\"https:\\\/\\\/www.amau.com.br\\\/site\\\/#\\\/schema\\\/person\\\/dfe07b1570f354b7add16f3a9fb955c5\"},\"headline\":\"Competi\u00e7\u00e3o marca a\u00e7\u00e3o pelo Novembro Azul em Severiano de Almeida\",\"datePublished\":\"2021-12-01T14:15:36+00:00\",\"mainEntityOfPage\":{\"@id\":\"https:\\\/\\\/www.amau.com.br\\\/site\\\/competicao-marca-acao-pelo-novembro-azul-em-severiano-de-almeida\\\/\"},\"wordCount\":293,\"commentCount\":0,\"publisher\":{\"@id\":\"https:\\\/\\\/www.amau.com.br\\\/site\\\/#organization\"},\"image\":{\"@id\":\"https:\\\/\\\/www.amau.com.br\\\/site\\\/competicao-marca-acao-pelo-novembro-azul-em-severiano-de-almeida\\\/#primaryimage\"},\"thumbnailUrl\":\"https:\\\/\\\/www.amau.com.br\\\/site\\\/wp-content\\\/uploads\\\/2021\\\/12\\\/WhatsApp-Image-2021-12-01-at-10.54.05.jpeg\",\"articleSection\":[\"Severiano de Almeida\"],\"inLanguage\":\"pt-BR\",\"potentialAction\":[{\"@type\":\"CommentAction\",\"name\":\"Comment\",\"target\":[\"https:\\\/\\\/www.amau.com.br\\\/site\\\/competicao-marca-acao-pelo-novembro-azul-em-severiano-de-almeida\\\/#respond\"]}]},{\"@type\":\"WebPage\",\"@id\":\"https:\\\/\\\/www.amau.com.br\\\/site\\\/competicao-marca-acao-pelo-novembro-azul-em-severiano-de-almeida\\\/\",\"url\":\"https:\\\/\\\/www.amau.com.br\\\/site\\\/competicao-marca-acao-pelo-novembro-azul-em-severiano-de-almeida\\\/\",\"name\":\"Competi\u00e7\u00e3o marca a\u00e7\u00e3o pelo Novembro Azul em Severiano de Almeida - AMAU - Associa\u00e7\u00e3o de Munic\u00edpios do Alto Uruguai\",\"isPartOf\":{\"@id\":\"https:\\\/\\\/www.amau.com.br\\\/site\\\/#website\"},\"primaryImageOfPage\":{\"@id\":\"https:\\\/\\\/www.amau.com.br\\\/site\\\/competicao-marca-acao-pelo-novembro-azul-em-severiano-de-almeida\\\/#primaryimage\"},\"image\":{\"@id\":\"https:\\\/\\\/www.amau.com.br\\\/site\\\/competicao-marca-acao-pelo-novembro-azul-em-severiano-de-almeida\\\/#primaryimage\"},\"thumbnailUrl\":\"https:\\\/\\\/www.amau.com.br\\\/site\\\/wp-content\\\/uploads\\\/2021\\\/12\\\/WhatsApp-Image-2021-12-01-at-10.54.05.jpeg\",\"datePublished\":\"2021-12-01T14:15:36+00:00\",\"breadcrumb\":{\"@id\":\"https:\\\/\\\/www.amau.com.br\\\/site\\\/competicao-marca-acao-pelo-novembro-azul-em-severiano-de-almeida\\\/#breadcrumb\"},\"inLanguage\":\"pt-BR\",\"potentialAction\":[{\"@type\":\"ReadAction\",\"target\":[\"https:\\\/\\\/www.amau.com.br\\\/site\\\/competicao-marca-acao-pelo-novembro-azul-em-severiano-de-almeida\\\/\"]}]},{\"@type\":\"ImageObject\",\"inLanguage\":\"pt-BR\",\"@id\":\"https:\\\/\\\/www.amau.com.br\\\/site\\\/competicao-marca-acao-pelo-novembro-azul-em-severiano-de-almeida\\\/#primaryimage\",\"url\":\"https:\\\/\\\/www.amau.com.br\\\/site\\\/wp-content\\\/uploads\\\/2021\\\/12\\\/WhatsApp-Image-2021-12-01-at-10.54.05.jpeg\",\"contentUrl\":\"https:\\\/\\\/www.amau.com.br\\\/site\\\/wp-content\\\/uploads\\\/2021\\\/12\\\/WhatsApp-Image-2021-12-01-at-10.54.05.jpeg\",\"width\":800,\"height\":533},{\"@type\":\"BreadcrumbList\",\"@id\":\"https:\\\/\\\/www.amau.com.br\\\/site\\\/competicao-marca-acao-pelo-novembro-azul-em-severiano-de-almeida\\\/#breadcrumb\",\"itemListElement\":[{\"@type\":\"ListItem\",\"position\":1,\"name\":\"Home\",\"item\":\"https:\\\/\\\/www.amau.com.br\\\/site\\\/\"},{\"@type\":\"ListItem\",\"position\":2,\"name\":\"Competi\u00e7\u00e3o marca a\u00e7\u00e3o pelo Novembro Azul em Severiano de Almeida\"}]},{\"@type\":\"WebSite\",\"@id\":\"https:\\\/\\\/www.amau.com.br\\\/site\\\/#website\",\"url\":\"https:\\\/\\\/www.amau.com.br\\\/site\\\/\",\"name\":\"AMAU - Associa\u00e7\u00e3o de Munic\u00edpios do Alto Uruguai\",\"description\":\"Construindo alternativas para o desenvolvimento.\",\"publisher\":{\"@id\":\"https:\\\/\\\/www.amau.com.br\\\/site\\\/#organization\"},\"potentialAction\":[{\"@type\":\"SearchAction\",\"target\":{\"@type\":\"EntryPoint\",\"urlTemplate\":\"https:\\\/\\\/www.amau.com.br\\\/site\\\/?s={search_term_string}\"},\"query-input\":{\"@type\":\"PropertyValueSpecification\",\"valueRequired\":true,\"valueName\":\"search_term_string\"}}],\"inLanguage\":\"pt-BR\"},{\"@type\":\"Organization\",\"@id\":\"https:\\\/\\\/www.amau.com.br\\\/site\\\/#organization\",\"name\":\"AMAU - Associa\u00e7\u00e3o de Munic\u00edpios do Alto Uruguai\",\"url\":\"https:\\\/\\\/www.amau.com.br\\\/site\\\/\",\"logo\":{\"@type\":\"ImageObject\",\"inLanguage\":\"pt-BR\",\"@id\":\"https:\\\/\\\/www.amau.com.br\\\/site\\\/#\\\/schema\\\/logo\\\/image\\\/\",\"url\":\"https:\\\/\\\/www.amau.com.br\\\/site\\\/wp-content\\\/uploads\\\/2017\\\/04\\\/cropped-Amau-Logos-Site-300-1.png\",\"contentUrl\":\"https:\\\/\\\/www.amau.com.br\\\/site\\\/wp-content\\\/uploads\\\/2017\\\/04\\\/cropped-Amau-Logos-Site-300-1.png\",\"width\":807,\"height\":221,\"caption\":\"AMAU - Associa\u00e7\u00e3o de Munic\u00edpios do Alto Uruguai\"},\"image\":{\"@id\":\"https:\\\/\\\/www.amau.com.br\\\/site\\\/#\\\/schema\\\/logo\\\/image\\\/\"},\"sameAs\":[\"http:\\\/\\\/www.facebook.com\\\/amauaaltouruguai\"]},{\"@type\":\"Person\",\"@id\":\"https:\\\/\\\/www.amau.com.br\\\/site\\\/#\\\/schema\\\/person\\\/dfe07b1570f354b7add16f3a9fb955c5\",\"name\":\"Severiano de Almeida\",\"image\":{\"@type\":\"ImageObject\",\"inLanguage\":\"pt-BR\",\"@id\":\"https:\\\/\\\/www.amau.com.br\\\/site\\\/wp-content\\\/uploads\\\/2021\\\/08\\\/avatar_user_35_1630434428-96x96.jpg\",\"url\":\"https:\\\/\\\/www.amau.com.br\\\/site\\\/wp-content\\\/uploads\\\/2021\\\/08\\\/avatar_user_35_1630434428-96x96.jpg\",\"contentUrl\":\"https:\\\/\\\/www.amau.com.br\\\/site\\\/wp-content\\\/uploads\\\/2021\\\/08\\\/avatar_user_35_1630434428-96x96.jpg\",\"caption\":\"Severiano de Almeida\"},\"sameAs\":[\"amau\"],\"url\":\"https:\\\/\\\/www.amau.com.br\\\/site\\\/author\\\/severiano-de-almeida\\\/\"}]}<\/script>\n<!-- \/ Yoast SEO plugin. -->","yoast_head_json":{"title":"Competi\u00e7\u00e3o marca a\u00e7\u00e3o pelo Novembro Azul em Severiano de Almeida - AMAU - Associa\u00e7\u00e3o de Munic\u00edpios do Alto Uruguai","robots":{"index":"index","follow":"follow","max-snippet":"max-snippet:-1","max-image-preview":"max-image-preview:large","max-video-preview":"max-video-preview:-1"},"canonical":"https:\/\/www.amau.com.br\/site\/competicao-marca-acao-pelo-novembro-azul-em-severiano-de-almeida\/","og_locale":"pt_BR","og_type":"article","og_title":"Competi\u00e7\u00e3o marca a\u00e7\u00e3o pelo Novembro Azul em Severiano de Almeida - AMAU - Associa\u00e7\u00e3o de Munic\u00edpios do Alto Uruguai","og_description":"Homens de Severiano de Almeida tiveram um desafio diferente no \u00faltimo s\u00e1bado, 27. Em a\u00e7\u00e3o realizada pela Secretaria de Sa\u00fade do munic\u00edpio, eles foram desafiados na competi\u00e7\u00e3o de cinquilho. Mas o objetivo n\u00e3o era apenas competir. O Secret\u00e1rio de Sa\u00fade de Severiano de Almeida, Dimas Dandolini, explica que a atividade tinha como meta tamb\u00e9m chamar [&hellip;]","og_url":"https:\/\/www.amau.com.br\/site\/competicao-marca-acao-pelo-novembro-azul-em-severiano-de-almeida\/","og_site_name":"AMAU - Associa\u00e7\u00e3o de Munic\u00edpios do Alto Uruguai","article_publisher":"http:\/\/www.facebook.com\/amauaaltouruguai","article_published_time":"2021-12-01T14:15:36+00:00","og_image":[{"width":800,"height":533,"url":"https:\/\/www.amau.com.br\/site\/wp-content\/uploads\/2021\/12\/WhatsApp-Image-2021-12-01-at-10.54.05.jpeg","type":"image\/jpeg"}],"author":"Severiano de Almeida","twitter_card":"summary_large_image","twitter_misc":{"Escrito por":"Severiano de Almeida","Est. tempo de leitura":"2 minutos"},"schema":{"@context":"https:\/\/schema.org","@graph":[{"@type":"Article","@id":"https:\/\/www.amau.com.br\/site\/competicao-marca-acao-pelo-novembro-azul-em-severiano-de-almeida\/#article","isPartOf":{"@id":"https:\/\/www.amau.com.br\/site\/competicao-marca-acao-pelo-novembro-azul-em-severiano-de-almeida\/"},"author":{"name":"Severiano de Almeida","@id":"https:\/\/www.amau.com.br\/site\/#\/schema\/person\/dfe07b1570f354b7add16f3a9fb955c5"},"headline":"Competi\u00e7\u00e3o marca a\u00e7\u00e3o pelo Novembro Azul em Severiano de Almeida","datePublished":"2021-12-01T14:15:36+00:00","mainEntityOfPage":{"@id":"https:\/\/www.amau.com.br\/site\/competicao-marca-acao-pelo-novembro-azul-em-severiano-de-almeida\/"},"wordCount":293,"commentCount":0,"publisher":{"@id":"https:\/\/www.amau.com.br\/site\/#organization"},"image":{"@id":"https:\/\/www.amau.com.br\/site\/competicao-marca-acao-pelo-novembro-azul-em-severiano-de-almeida\/#primaryimage"},"thumbnailUrl":"https:\/\/www.amau.com.br\/site\/wp-content\/uploads\/2021\/12\/WhatsApp-Image-2021-12-01-at-10.54.05.jpeg","articleSection":["Severiano de Almeida"],"inLanguage":"pt-BR","potentialAction":[{"@type":"CommentAction","name":"Comment","target":["https:\/\/www.amau.com.br\/site\/competicao-marca-acao-pelo-novembro-azul-em-severiano-de-almeida\/#respond"]}]},{"@type":"WebPage","@id":"https:\/\/www.amau.com.br\/site\/competicao-marca-acao-pelo-novembro-azul-em-severiano-de-almeida\/","url":"https:\/\/www.amau.com.br\/site\/competicao-marca-acao-pelo-novembro-azul-em-severiano-de-almeida\/","name":"Competi\u00e7\u00e3o marca a\u00e7\u00e3o pelo Novembro Azul em Severiano de Almeida - AMAU - Associa\u00e7\u00e3o de Munic\u00edpios do Alto Uruguai","isPartOf":{"@id":"https:\/\/www.amau.com.br\/site\/#website"},"primaryImageOfPage":{"@id":"https:\/\/www.amau.com.br\/site\/competicao-marca-acao-pelo-novembro-azul-em-severiano-de-almeida\/#primaryimage"},"image":{"@id":"https:\/\/www.amau.com.br\/site\/competicao-marca-acao-pelo-novembro-azul-em-severiano-de-almeida\/#primaryimage"},"thumbnailUrl":"https:\/\/www.amau.com.br\/site\/wp-content\/uploads\/2021\/12\/WhatsApp-Image-2021-12-01-at-10.54.05.jpeg","datePublished":"2021-12-01T14:15:36+00:00","breadcrumb":{"@id":"https:\/\/www.amau.com.br\/site\/competicao-marca-acao-pelo-novembro-azul-em-severiano-de-almeida\/#breadcrumb"},"inLanguage":"pt-BR","potentialAction":[{"@type":"ReadAction","target":["https:\/\/www.amau.com.br\/site\/competicao-marca-acao-pelo-novembro-azul-em-severiano-de-almeida\/"]}]},{"@type":"ImageObject","inLanguage":"pt-BR","@id":"https:\/\/www.amau.com.br\/site\/competicao-marca-acao-pelo-novembro-azul-em-severiano-de-almeida\/#primaryimage","url":"https:\/\/www.amau.com.br\/site\/wp-content\/uploads\/2021\/12\/WhatsApp-Image-2021-12-01-at-10.54.05.jpeg","contentUrl":"https:\/\/www.amau.com.br\/site\/wp-content\/uploads\/2021\/12\/WhatsApp-Image-2021-12-01-at-10.54.05.jpeg","width":800,"height":533},{"@type":"BreadcrumbList","@id":"https:\/\/www.amau.com.br\/site\/competicao-marca-acao-pelo-novembro-azul-em-severiano-de-almeida\/#breadcrumb","itemListElement":[{"@type":"ListItem","position":1,"name":"Home","item":"https:\/\/www.amau.com.br\/site\/"},{"@type":"ListItem","position":2,"name":"Competi\u00e7\u00e3o marca a\u00e7\u00e3o pelo Novembro Azul em Severiano de Almeida"}]},{"@type":"WebSite","@id":"https:\/\/www.amau.com.br\/site\/#website","url":"https:\/\/www.amau.com.br\/site\/","name":"AMAU - Associa\u00e7\u00e3o de Munic\u00edpios do Alto Uruguai","description":"Construindo alternativas para o desenvolvimento.","publisher":{"@id":"https:\/\/www.amau.com.br\/site\/#organization"},"potentialAction":[{"@type":"SearchAction","target":{"@type":"EntryPoint","urlTemplate":"https:\/\/www.amau.com.br\/site\/?s={search_term_string}"},"query-input":{"@type":"PropertyValueSpecification","valueRequired":true,"valueName":"search_term_string"}}],"inLanguage":"pt-BR"},{"@type":"Organization","@id":"https:\/\/www.amau.com.br\/site\/#organization","name":"AMAU - Associa\u00e7\u00e3o de Munic\u00edpios do Alto Uruguai","url":"https:\/\/www.amau.com.br\/site\/","logo":{"@type":"ImageObject","inLanguage":"pt-BR","@id":"https:\/\/www.amau.com.br\/site\/#\/schema\/logo\/image\/","url":"https:\/\/www.amau.com.br\/site\/wp-content\/uploads\/2017\/04\/cropped-Amau-Logos-Site-300-1.png","contentUrl":"https:\/\/www.amau.com.br\/site\/wp-content\/uploads\/2017\/04\/cropped-Amau-Logos-Site-300-1.png","width":807,"height":221,"caption":"AMAU - Associa\u00e7\u00e3o de Munic\u00edpios do Alto Uruguai"},"image":{"@id":"https:\/\/www.amau.com.br\/site\/#\/schema\/logo\/image\/"},"sameAs":["http:\/\/www.facebook.com\/amauaaltouruguai"]},{"@type":"Person","@id":"https:\/\/www.amau.com.br\/site\/#\/schema\/person\/dfe07b1570f354b7add16f3a9fb955c5","name":"Severiano de Almeida","image":{"@type":"ImageObject","inLanguage":"pt-BR","@id":"https:\/\/www.amau.com.br\/site\/wp-content\/uploads\/2021\/08\/avatar_user_35_1630434428-96x96.jpg","url":"https:\/\/www.amau.com.br\/site\/wp-content\/uploads\/2021\/08\/avatar_user_35_1630434428-96x96.jpg","contentUrl":"https:\/\/www.amau.com.br\/site\/wp-content\/uploads\/2021\/08\/avatar_user_35_1630434428-96x96.jpg","caption":"Severiano de Almeida"},"sameAs":["amau"],"url":"https:\/\/www.amau.com.br\/site\/author\/severiano-de-almeida\/"}]}},"_links":{"self":[{"href":"https:\/\/www.amau.com.br\/site\/wp-json\/wp\/v2\/posts\/8518","targetHints":{"allow":["GET"]}}],"collection":[{"href":"https:\/\/www.amau.com.br\/site\/wp-json\/wp\/v2\/posts"}],"about":[{"href":"https:\/\/www.amau.com.br\/site\/wp-json\/wp\/v2\/types\/post"}],"author":[{"embeddable":true,"href":"https:\/\/www.amau.com.br\/site\/wp-json\/wp\/v2\/users\/35"}],"replies":[{"embeddable":true,"href":"https:\/\/www.amau.com.br\/site\/wp-json\/wp\/v2\/comments?post=8518"}],"version-history":[{"count":0,"href":"https:\/\/www.amau.com.br\/site\/wp-json\/wp\/v2\/posts\/8518\/revisions"}],"wp:featuredmedia":[{"embeddable":true,"href":"https:\/\/www.amau.com.br\/site\/wp-json\/wp\/v2\/media\/8520"}],"wp:attachment":[{"href":"https:\/\/www.amau.com.br\/site\/wp-json\/wp\/v2\/media?parent=8518"}],"wp:term":[{"taxonomy":"category","embeddable":true,"href":"https:\/\/www.amau.com.br\/site\/wp-json\/wp\/v2\/categories?post=8518"},{"taxonomy":"post_tag","embeddable":true,"href":"https:\/\/www.amau.com.br\/site\/wp-json\/wp\/v2\/tags?post=8518"}],"curies":[{"name":"wp","href":"https:\/\/api.w.org\/{rel}","templated":true}]}}