{"id":7759,"date":"2021-10-27T15:16:46","date_gmt":"2021-10-27T18:16:46","guid":{"rendered":"https:\/\/www.amau.com.br\/site\/?p=7759"},"modified":"2021-10-27T15:16:46","modified_gmt":"2021-10-27T18:16:46","slug":"severiano-de-almeida-auxilia-produtores-rurais","status":"publish","type":"post","link":"https:\/\/www.amau.com.br\/site\/severiano-de-almeida-auxilia-produtores-rurais\/","title":{"rendered":"Severiano de Almeida auxilia produtores rurais"},"content":{"rendered":"<p style=\"text-align: justify\">Mais um empreendimento moderno foi inaugurado no interior do munic\u00edpio de Severiano de Almeida, na propriedade do senhor Cezar Nespolo. Avi\u00e1rio com 2.400 metros quadrados de constru\u00e7\u00e3o no modelo \u201cDark House\u201d, com capacidade de alojar 33 mil aves, um avi\u00e1rio constru\u00eddo com tecnologia de ponta para resfriamento e aquecimento para trazer conforto para as aves e tamb\u00e9m facilitar o trabalho do produtor.<\/p>\n<p style=\"text-align: justify\">A avicultura no munic\u00edpio, com incentivos da administra\u00e7\u00e3o, est\u00e1 em crescimento, pois s\u00e3o oferecidas pol\u00edticas p\u00fablicas e leis de incentivo, ainda auxilio aos produtores como m\u00e1quinas e outros recursos.<br \/>\nO governo municipal sabe da import\u00e2ncia da evolu\u00e7\u00e3o dos avi\u00e1rios, e neste modelo inaugurado o produtor ter\u00e1 resultados equilibrados o ano todo, pois tendo em vista que a produtividade cai no ver\u00e3o, o sistema que equipa este novo empreendimento elimina ou ent\u00e3o reduz ao m\u00e1ximo as perdas causadas nos per\u00edodos de calor intenso.<\/p>\n<p style=\"text-align: justify\">Para o prefeito municipal senhor Milto Vendruscolo foi celebrado um dia muito importante para o agroneg\u00f3cio de Severiano de Almeida. Ele agradeceu a fam\u00edlia de Cezar Nespolo por investir na agricultura fazendo com que a demanda produzida no munic\u00edpio seja expandida por todo o Brasil e tamb\u00e9m para exporta\u00e7\u00e3o. Rogou que novos investidores surjam no munic\u00edpio.<\/p>\n<p><img fetchpriority=\"high\" decoding=\"async\" class=\"alignnone size-medium wp-image-7760\" src=\"https:\/\/www.amau.com.br\/site\/wp-content\/uploads\/2021\/10\/aviario1-300x200.jpeg\" alt=\"\" width=\"300\" height=\"200\" srcset=\"https:\/\/www.amau.com.br\/site\/wp-content\/uploads\/2021\/10\/aviario1-300x200.jpeg 300w, https:\/\/www.amau.com.br\/site\/wp-content\/uploads\/2021\/10\/aviario1-1024x683.jpeg 1024w, https:\/\/www.amau.com.br\/site\/wp-content\/uploads\/2021\/10\/aviario1-768x512.jpeg 768w, https:\/\/www.amau.com.br\/site\/wp-content\/uploads\/2021\/10\/aviario1.jpeg 1280w\" sizes=\"(max-width: 300px) 100vw, 300px\" \/> <img decoding=\"async\" class=\"alignnone size-medium wp-image-7761\" src=\"https:\/\/www.amau.com.br\/site\/wp-content\/uploads\/2021\/10\/aviario2-300x200.jpeg\" alt=\"\" width=\"300\" height=\"200\" srcset=\"https:\/\/www.amau.com.br\/site\/wp-content\/uploads\/2021\/10\/aviario2-300x200.jpeg 300w, https:\/\/www.amau.com.br\/site\/wp-content\/uploads\/2021\/10\/aviario2-1024x683.jpeg 1024w, https:\/\/www.amau.com.br\/site\/wp-content\/uploads\/2021\/10\/aviario2-768x512.jpeg 768w, https:\/\/www.amau.com.br\/site\/wp-content\/uploads\/2021\/10\/aviario2.jpeg 1280w\" sizes=\"(max-width: 300px) 100vw, 300px\" \/> <img decoding=\"async\" class=\"alignnone size-medium wp-image-7762\" src=\"https:\/\/www.amau.com.br\/site\/wp-content\/uploads\/2021\/10\/aviario3-300x200.jpeg\" alt=\"\" width=\"300\" height=\"200\" srcset=\"https:\/\/www.amau.com.br\/site\/wp-content\/uploads\/2021\/10\/aviario3-300x200.jpeg 300w, https:\/\/www.amau.com.br\/site\/wp-content\/uploads\/2021\/10\/aviario3-1024x683.jpeg 1024w, https:\/\/www.amau.com.br\/site\/wp-content\/uploads\/2021\/10\/aviario3-768x512.jpeg 768w, https:\/\/www.amau.com.br\/site\/wp-content\/uploads\/2021\/10\/aviario3.jpeg 1280w\" sizes=\"(max-width: 300px) 100vw, 300px\" \/><\/p>\n","protected":false},"excerpt":{"rendered":"<p>Mais um empreendimento moderno foi inaugurado no interior do munic\u00edpio de Severiano de Almeida, na propriedade do senhor Cezar Nespolo. Avi\u00e1rio com 2.400 metros quadrados de constru\u00e7\u00e3o no modelo \u201cDark House\u201d, com capacidade de alojar 33 mil aves, um avi\u00e1rio constru\u00eddo com tecnologia de ponta para resfriamento e aquecimento para trazer conforto para as aves [&hellip;]<\/p>\n","protected":false},"author":35,"featured_media":7765,"comment_status":"open","ping_status":"open","sticky":false,"template":"","format":"standard","meta":{"ocean_post_layout":"","ocean_both_sidebars_style":"","ocean_both_sidebars_content_width":0,"ocean_both_sidebars_sidebars_width":0,"ocean_sidebar":"","ocean_second_sidebar":"","ocean_disable_margins":"enable","ocean_add_body_class":"","ocean_shortcode_before_top_bar":"","ocean_shortcode_after_top_bar":"","ocean_shortcode_before_header":"","ocean_shortcode_after_header":"","ocean_has_shortcode":"","ocean_shortcode_after_title":"","ocean_shortcode_before_footer_widgets":"","ocean_shortcode_after_footer_widgets":"","ocean_shortcode_before_footer_bottom":"","ocean_shortcode_after_footer_bottom":"","ocean_display_top_bar":"default","ocean_display_header":"default","ocean_header_style":"","ocean_center_header_left_menu":"","ocean_custom_header_template":"","ocean_custom_logo":0,"ocean_custom_retina_logo":0,"ocean_custom_logo_max_width":0,"ocean_custom_logo_tablet_max_width":0,"ocean_custom_logo_mobile_max_width":0,"ocean_custom_logo_max_height":0,"ocean_custom_logo_tablet_max_height":0,"ocean_custom_logo_mobile_max_height":0,"ocean_header_custom_menu":"","ocean_menu_typo_font_family":"","ocean_menu_typo_font_subset":"","ocean_menu_typo_font_size":0,"ocean_menu_typo_font_size_tablet":0,"ocean_menu_typo_font_size_mobile":0,"ocean_menu_typo_font_size_unit":"px","ocean_menu_typo_font_weight":"","ocean_menu_typo_font_weight_tablet":"","ocean_menu_typo_font_weight_mobile":"","ocean_menu_typo_transform":"","ocean_menu_typo_transform_tablet":"","ocean_menu_typo_transform_mobile":"","ocean_menu_typo_line_height":0,"ocean_menu_typo_line_height_tablet":0,"ocean_menu_typo_line_height_mobile":0,"ocean_menu_typo_line_height_unit":"","ocean_menu_typo_spacing":0,"ocean_menu_typo_spacing_tablet":0,"ocean_menu_typo_spacing_mobile":0,"ocean_menu_typo_spacing_unit":"","ocean_menu_link_color":"","ocean_menu_link_color_hover":"","ocean_menu_link_color_active":"","ocean_menu_link_background":"","ocean_menu_link_hover_background":"","ocean_menu_link_active_background":"","ocean_menu_social_links_bg":"","ocean_menu_social_hover_links_bg":"","ocean_menu_social_links_color":"","ocean_menu_social_hover_links_color":"","ocean_disable_title":"default","ocean_disable_heading":"default","ocean_post_title":"","ocean_post_subheading":"","ocean_post_title_style":"","ocean_post_title_background_color":"","ocean_post_title_background":0,"ocean_post_title_bg_image_position":"","ocean_post_title_bg_image_attachment":"","ocean_post_title_bg_image_repeat":"","ocean_post_title_bg_image_size":"","ocean_post_title_height":0,"ocean_post_title_bg_overlay":0.5,"ocean_post_title_bg_overlay_color":"","ocean_disable_breadcrumbs":"default","ocean_breadcrumbs_color":"","ocean_breadcrumbs_separator_color":"","ocean_breadcrumbs_links_color":"","ocean_breadcrumbs_links_hover_color":"","ocean_display_footer_widgets":"default","ocean_display_footer_bottom":"default","ocean_custom_footer_template":"","ocean_post_oembed":"","ocean_post_self_hosted_media":"","ocean_post_video_embed":"","ocean_link_format":"","ocean_link_format_target":"self","ocean_quote_format":"","ocean_quote_format_link":"post","ocean_gallery_link_images":"off","ocean_gallery_id":[],"footnotes":""},"categories":[91],"tags":[],"class_list":["post-7759","post","type-post","status-publish","format-standard","has-post-thumbnail","hentry","category-severiano-de-almeida","entry","has-media"],"yoast_head":"<!-- This site is optimized with the Yoast SEO plugin v27.4 - https:\/\/yoast.com\/product\/yoast-seo-wordpress\/ -->\n<title>Severiano de Almeida auxilia produtores rurais - AMAU - Associa\u00e7\u00e3o de Munic\u00edpios do Alto Uruguai<\/title>\n<meta name=\"robots\" content=\"index, follow, max-snippet:-1, max-image-preview:large, max-video-preview:-1\" \/>\n<link rel=\"canonical\" href=\"https:\/\/www.amau.com.br\/site\/severiano-de-almeida-auxilia-produtores-rurais\/\" \/>\n<meta property=\"og:locale\" content=\"pt_BR\" \/>\n<meta property=\"og:type\" content=\"article\" \/>\n<meta property=\"og:title\" content=\"Severiano de Almeida auxilia produtores rurais - AMAU - Associa\u00e7\u00e3o de Munic\u00edpios do Alto Uruguai\" \/>\n<meta property=\"og:description\" content=\"Mais um empreendimento moderno foi inaugurado no interior do munic\u00edpio de Severiano de Almeida, na propriedade do senhor Cezar Nespolo. Avi\u00e1rio com 2.400 metros quadrados de constru\u00e7\u00e3o no modelo \u201cDark House\u201d, com capacidade de alojar 33 mil aves, um avi\u00e1rio constru\u00eddo com tecnologia de ponta para resfriamento e aquecimento para trazer conforto para as aves [&hellip;]\" \/>\n<meta property=\"og:url\" content=\"https:\/\/www.amau.com.br\/site\/severiano-de-almeida-auxilia-produtores-rurais\/\" \/>\n<meta property=\"og:site_name\" content=\"AMAU - Associa\u00e7\u00e3o de Munic\u00edpios do Alto Uruguai\" \/>\n<meta property=\"article:publisher\" content=\"http:\/\/www.facebook.com\/amauaaltouruguai\" \/>\n<meta property=\"article:published_time\" content=\"2021-10-27T18:16:46+00:00\" \/>\n<meta property=\"og:image\" content=\"https:\/\/www.amau.com.br\/site\/wp-content\/uploads\/2021\/10\/aviario.jpeg\" \/>\n\t<meta property=\"og:image:width\" content=\"800\" \/>\n\t<meta property=\"og:image:height\" content=\"533\" \/>\n\t<meta property=\"og:image:type\" content=\"image\/jpeg\" \/>\n<meta name=\"author\" content=\"Severiano de Almeida\" \/>\n<meta name=\"twitter:card\" content=\"summary_large_image\" \/>\n<meta name=\"twitter:label1\" content=\"Escrito por\" \/>\n\t<meta name=\"twitter:data1\" content=\"Severiano de Almeida\" \/>\n\t<meta name=\"twitter:label2\" content=\"Est. tempo de leitura\" \/>\n\t<meta name=\"twitter:data2\" content=\"2 minutos\" \/>\n<script type=\"application\/ld+json\" class=\"yoast-schema-graph\">{\"@context\":\"https:\\\/\\\/schema.org\",\"@graph\":[{\"@type\":\"Article\",\"@id\":\"https:\\\/\\\/www.amau.com.br\\\/site\\\/severiano-de-almeida-auxilia-produtores-rurais\\\/#article\",\"isPartOf\":{\"@id\":\"https:\\\/\\\/www.amau.com.br\\\/site\\\/severiano-de-almeida-auxilia-produtores-rurais\\\/\"},\"author\":{\"name\":\"Severiano de Almeida\",\"@id\":\"https:\\\/\\\/www.amau.com.br\\\/site\\\/#\\\/schema\\\/person\\\/dfe07b1570f354b7add16f3a9fb955c5\"},\"headline\":\"Severiano de Almeida auxilia produtores rurais\",\"datePublished\":\"2021-10-27T18:16:46+00:00\",\"mainEntityOfPage\":{\"@id\":\"https:\\\/\\\/www.amau.com.br\\\/site\\\/severiano-de-almeida-auxilia-produtores-rurais\\\/\"},\"wordCount\":229,\"commentCount\":0,\"publisher\":{\"@id\":\"https:\\\/\\\/www.amau.com.br\\\/site\\\/#organization\"},\"image\":{\"@id\":\"https:\\\/\\\/www.amau.com.br\\\/site\\\/severiano-de-almeida-auxilia-produtores-rurais\\\/#primaryimage\"},\"thumbnailUrl\":\"https:\\\/\\\/www.amau.com.br\\\/site\\\/wp-content\\\/uploads\\\/2021\\\/10\\\/aviario.jpeg\",\"articleSection\":[\"Severiano de Almeida\"],\"inLanguage\":\"pt-BR\",\"potentialAction\":[{\"@type\":\"CommentAction\",\"name\":\"Comment\",\"target\":[\"https:\\\/\\\/www.amau.com.br\\\/site\\\/severiano-de-almeida-auxilia-produtores-rurais\\\/#respond\"]}]},{\"@type\":\"WebPage\",\"@id\":\"https:\\\/\\\/www.amau.com.br\\\/site\\\/severiano-de-almeida-auxilia-produtores-rurais\\\/\",\"url\":\"https:\\\/\\\/www.amau.com.br\\\/site\\\/severiano-de-almeida-auxilia-produtores-rurais\\\/\",\"name\":\"Severiano de Almeida auxilia produtores rurais - AMAU - Associa\u00e7\u00e3o de Munic\u00edpios do Alto Uruguai\",\"isPartOf\":{\"@id\":\"https:\\\/\\\/www.amau.com.br\\\/site\\\/#website\"},\"primaryImageOfPage\":{\"@id\":\"https:\\\/\\\/www.amau.com.br\\\/site\\\/severiano-de-almeida-auxilia-produtores-rurais\\\/#primaryimage\"},\"image\":{\"@id\":\"https:\\\/\\\/www.amau.com.br\\\/site\\\/severiano-de-almeida-auxilia-produtores-rurais\\\/#primaryimage\"},\"thumbnailUrl\":\"https:\\\/\\\/www.amau.com.br\\\/site\\\/wp-content\\\/uploads\\\/2021\\\/10\\\/aviario.jpeg\",\"datePublished\":\"2021-10-27T18:16:46+00:00\",\"breadcrumb\":{\"@id\":\"https:\\\/\\\/www.amau.com.br\\\/site\\\/severiano-de-almeida-auxilia-produtores-rurais\\\/#breadcrumb\"},\"inLanguage\":\"pt-BR\",\"potentialAction\":[{\"@type\":\"ReadAction\",\"target\":[\"https:\\\/\\\/www.amau.com.br\\\/site\\\/severiano-de-almeida-auxilia-produtores-rurais\\\/\"]}]},{\"@type\":\"ImageObject\",\"inLanguage\":\"pt-BR\",\"@id\":\"https:\\\/\\\/www.amau.com.br\\\/site\\\/severiano-de-almeida-auxilia-produtores-rurais\\\/#primaryimage\",\"url\":\"https:\\\/\\\/www.amau.com.br\\\/site\\\/wp-content\\\/uploads\\\/2021\\\/10\\\/aviario.jpeg\",\"contentUrl\":\"https:\\\/\\\/www.amau.com.br\\\/site\\\/wp-content\\\/uploads\\\/2021\\\/10\\\/aviario.jpeg\",\"width\":800,\"height\":533},{\"@type\":\"BreadcrumbList\",\"@id\":\"https:\\\/\\\/www.amau.com.br\\\/site\\\/severiano-de-almeida-auxilia-produtores-rurais\\\/#breadcrumb\",\"itemListElement\":[{\"@type\":\"ListItem\",\"position\":1,\"name\":\"Home\",\"item\":\"https:\\\/\\\/www.amau.com.br\\\/site\\\/\"},{\"@type\":\"ListItem\",\"position\":2,\"name\":\"Severiano de Almeida auxilia produtores rurais\"}]},{\"@type\":\"WebSite\",\"@id\":\"https:\\\/\\\/www.amau.com.br\\\/site\\\/#website\",\"url\":\"https:\\\/\\\/www.amau.com.br\\\/site\\\/\",\"name\":\"AMAU - Associa\u00e7\u00e3o de Munic\u00edpios do Alto Uruguai\",\"description\":\"Construindo alternativas para o desenvolvimento.\",\"publisher\":{\"@id\":\"https:\\\/\\\/www.amau.com.br\\\/site\\\/#organization\"},\"potentialAction\":[{\"@type\":\"SearchAction\",\"target\":{\"@type\":\"EntryPoint\",\"urlTemplate\":\"https:\\\/\\\/www.amau.com.br\\\/site\\\/?s={search_term_string}\"},\"query-input\":{\"@type\":\"PropertyValueSpecification\",\"valueRequired\":true,\"valueName\":\"search_term_string\"}}],\"inLanguage\":\"pt-BR\"},{\"@type\":\"Organization\",\"@id\":\"https:\\\/\\\/www.amau.com.br\\\/site\\\/#organization\",\"name\":\"AMAU - Associa\u00e7\u00e3o de Munic\u00edpios do Alto Uruguai\",\"url\":\"https:\\\/\\\/www.amau.com.br\\\/site\\\/\",\"logo\":{\"@type\":\"ImageObject\",\"inLanguage\":\"pt-BR\",\"@id\":\"https:\\\/\\\/www.amau.com.br\\\/site\\\/#\\\/schema\\\/logo\\\/image\\\/\",\"url\":\"https:\\\/\\\/www.amau.com.br\\\/site\\\/wp-content\\\/uploads\\\/2017\\\/04\\\/cropped-Amau-Logos-Site-300-1.png\",\"contentUrl\":\"https:\\\/\\\/www.amau.com.br\\\/site\\\/wp-content\\\/uploads\\\/2017\\\/04\\\/cropped-Amau-Logos-Site-300-1.png\",\"width\":807,\"height\":221,\"caption\":\"AMAU - Associa\u00e7\u00e3o de Munic\u00edpios do Alto Uruguai\"},\"image\":{\"@id\":\"https:\\\/\\\/www.amau.com.br\\\/site\\\/#\\\/schema\\\/logo\\\/image\\\/\"},\"sameAs\":[\"http:\\\/\\\/www.facebook.com\\\/amauaaltouruguai\"]},{\"@type\":\"Person\",\"@id\":\"https:\\\/\\\/www.amau.com.br\\\/site\\\/#\\\/schema\\\/person\\\/dfe07b1570f354b7add16f3a9fb955c5\",\"name\":\"Severiano de Almeida\",\"image\":{\"@type\":\"ImageObject\",\"inLanguage\":\"pt-BR\",\"@id\":\"https:\\\/\\\/www.amau.com.br\\\/site\\\/wp-content\\\/uploads\\\/2021\\\/08\\\/avatar_user_35_1630434428-96x96.jpg\",\"url\":\"https:\\\/\\\/www.amau.com.br\\\/site\\\/wp-content\\\/uploads\\\/2021\\\/08\\\/avatar_user_35_1630434428-96x96.jpg\",\"contentUrl\":\"https:\\\/\\\/www.amau.com.br\\\/site\\\/wp-content\\\/uploads\\\/2021\\\/08\\\/avatar_user_35_1630434428-96x96.jpg\",\"caption\":\"Severiano de Almeida\"},\"sameAs\":[\"amau\"],\"url\":\"https:\\\/\\\/www.amau.com.br\\\/site\\\/author\\\/severiano-de-almeida\\\/\"}]}<\/script>\n<!-- \/ Yoast SEO plugin. -->","yoast_head_json":{"title":"Severiano de Almeida auxilia produtores rurais - AMAU - Associa\u00e7\u00e3o de Munic\u00edpios do Alto Uruguai","robots":{"index":"index","follow":"follow","max-snippet":"max-snippet:-1","max-image-preview":"max-image-preview:large","max-video-preview":"max-video-preview:-1"},"canonical":"https:\/\/www.amau.com.br\/site\/severiano-de-almeida-auxilia-produtores-rurais\/","og_locale":"pt_BR","og_type":"article","og_title":"Severiano de Almeida auxilia produtores rurais - AMAU - Associa\u00e7\u00e3o de Munic\u00edpios do Alto Uruguai","og_description":"Mais um empreendimento moderno foi inaugurado no interior do munic\u00edpio de Severiano de Almeida, na propriedade do senhor Cezar Nespolo. Avi\u00e1rio com 2.400 metros quadrados de constru\u00e7\u00e3o no modelo \u201cDark House\u201d, com capacidade de alojar 33 mil aves, um avi\u00e1rio constru\u00eddo com tecnologia de ponta para resfriamento e aquecimento para trazer conforto para as aves [&hellip;]","og_url":"https:\/\/www.amau.com.br\/site\/severiano-de-almeida-auxilia-produtores-rurais\/","og_site_name":"AMAU - Associa\u00e7\u00e3o de Munic\u00edpios do Alto Uruguai","article_publisher":"http:\/\/www.facebook.com\/amauaaltouruguai","article_published_time":"2021-10-27T18:16:46+00:00","og_image":[{"width":800,"height":533,"url":"https:\/\/www.amau.com.br\/site\/wp-content\/uploads\/2021\/10\/aviario.jpeg","type":"image\/jpeg"}],"author":"Severiano de Almeida","twitter_card":"summary_large_image","twitter_misc":{"Escrito por":"Severiano de Almeida","Est. tempo de leitura":"2 minutos"},"schema":{"@context":"https:\/\/schema.org","@graph":[{"@type":"Article","@id":"https:\/\/www.amau.com.br\/site\/severiano-de-almeida-auxilia-produtores-rurais\/#article","isPartOf":{"@id":"https:\/\/www.amau.com.br\/site\/severiano-de-almeida-auxilia-produtores-rurais\/"},"author":{"name":"Severiano de Almeida","@id":"https:\/\/www.amau.com.br\/site\/#\/schema\/person\/dfe07b1570f354b7add16f3a9fb955c5"},"headline":"Severiano de Almeida auxilia produtores rurais","datePublished":"2021-10-27T18:16:46+00:00","mainEntityOfPage":{"@id":"https:\/\/www.amau.com.br\/site\/severiano-de-almeida-auxilia-produtores-rurais\/"},"wordCount":229,"commentCount":0,"publisher":{"@id":"https:\/\/www.amau.com.br\/site\/#organization"},"image":{"@id":"https:\/\/www.amau.com.br\/site\/severiano-de-almeida-auxilia-produtores-rurais\/#primaryimage"},"thumbnailUrl":"https:\/\/www.amau.com.br\/site\/wp-content\/uploads\/2021\/10\/aviario.jpeg","articleSection":["Severiano de Almeida"],"inLanguage":"pt-BR","potentialAction":[{"@type":"CommentAction","name":"Comment","target":["https:\/\/www.amau.com.br\/site\/severiano-de-almeida-auxilia-produtores-rurais\/#respond"]}]},{"@type":"WebPage","@id":"https:\/\/www.amau.com.br\/site\/severiano-de-almeida-auxilia-produtores-rurais\/","url":"https:\/\/www.amau.com.br\/site\/severiano-de-almeida-auxilia-produtores-rurais\/","name":"Severiano de Almeida auxilia produtores rurais - AMAU - Associa\u00e7\u00e3o de Munic\u00edpios do Alto Uruguai","isPartOf":{"@id":"https:\/\/www.amau.com.br\/site\/#website"},"primaryImageOfPage":{"@id":"https:\/\/www.amau.com.br\/site\/severiano-de-almeida-auxilia-produtores-rurais\/#primaryimage"},"image":{"@id":"https:\/\/www.amau.com.br\/site\/severiano-de-almeida-auxilia-produtores-rurais\/#primaryimage"},"thumbnailUrl":"https:\/\/www.amau.com.br\/site\/wp-content\/uploads\/2021\/10\/aviario.jpeg","datePublished":"2021-10-27T18:16:46+00:00","breadcrumb":{"@id":"https:\/\/www.amau.com.br\/site\/severiano-de-almeida-auxilia-produtores-rurais\/#breadcrumb"},"inLanguage":"pt-BR","potentialAction":[{"@type":"ReadAction","target":["https:\/\/www.amau.com.br\/site\/severiano-de-almeida-auxilia-produtores-rurais\/"]}]},{"@type":"ImageObject","inLanguage":"pt-BR","@id":"https:\/\/www.amau.com.br\/site\/severiano-de-almeida-auxilia-produtores-rurais\/#primaryimage","url":"https:\/\/www.amau.com.br\/site\/wp-content\/uploads\/2021\/10\/aviario.jpeg","contentUrl":"https:\/\/www.amau.com.br\/site\/wp-content\/uploads\/2021\/10\/aviario.jpeg","width":800,"height":533},{"@type":"BreadcrumbList","@id":"https:\/\/www.amau.com.br\/site\/severiano-de-almeida-auxilia-produtores-rurais\/#breadcrumb","itemListElement":[{"@type":"ListItem","position":1,"name":"Home","item":"https:\/\/www.amau.com.br\/site\/"},{"@type":"ListItem","position":2,"name":"Severiano de Almeida auxilia produtores rurais"}]},{"@type":"WebSite","@id":"https:\/\/www.amau.com.br\/site\/#website","url":"https:\/\/www.amau.com.br\/site\/","name":"AMAU - Associa\u00e7\u00e3o de Munic\u00edpios do Alto Uruguai","description":"Construindo alternativas para o desenvolvimento.","publisher":{"@id":"https:\/\/www.amau.com.br\/site\/#organization"},"potentialAction":[{"@type":"SearchAction","target":{"@type":"EntryPoint","urlTemplate":"https:\/\/www.amau.com.br\/site\/?s={search_term_string}"},"query-input":{"@type":"PropertyValueSpecification","valueRequired":true,"valueName":"search_term_string"}}],"inLanguage":"pt-BR"},{"@type":"Organization","@id":"https:\/\/www.amau.com.br\/site\/#organization","name":"AMAU - Associa\u00e7\u00e3o de Munic\u00edpios do Alto Uruguai","url":"https:\/\/www.amau.com.br\/site\/","logo":{"@type":"ImageObject","inLanguage":"pt-BR","@id":"https:\/\/www.amau.com.br\/site\/#\/schema\/logo\/image\/","url":"https:\/\/www.amau.com.br\/site\/wp-content\/uploads\/2017\/04\/cropped-Amau-Logos-Site-300-1.png","contentUrl":"https:\/\/www.amau.com.br\/site\/wp-content\/uploads\/2017\/04\/cropped-Amau-Logos-Site-300-1.png","width":807,"height":221,"caption":"AMAU - Associa\u00e7\u00e3o de Munic\u00edpios do Alto Uruguai"},"image":{"@id":"https:\/\/www.amau.com.br\/site\/#\/schema\/logo\/image\/"},"sameAs":["http:\/\/www.facebook.com\/amauaaltouruguai"]},{"@type":"Person","@id":"https:\/\/www.amau.com.br\/site\/#\/schema\/person\/dfe07b1570f354b7add16f3a9fb955c5","name":"Severiano de Almeida","image":{"@type":"ImageObject","inLanguage":"pt-BR","@id":"https:\/\/www.amau.com.br\/site\/wp-content\/uploads\/2021\/08\/avatar_user_35_1630434428-96x96.jpg","url":"https:\/\/www.amau.com.br\/site\/wp-content\/uploads\/2021\/08\/avatar_user_35_1630434428-96x96.jpg","contentUrl":"https:\/\/www.amau.com.br\/site\/wp-content\/uploads\/2021\/08\/avatar_user_35_1630434428-96x96.jpg","caption":"Severiano de Almeida"},"sameAs":["amau"],"url":"https:\/\/www.amau.com.br\/site\/author\/severiano-de-almeida\/"}]}},"_links":{"self":[{"href":"https:\/\/www.amau.com.br\/site\/wp-json\/wp\/v2\/posts\/7759","targetHints":{"allow":["GET"]}}],"collection":[{"href":"https:\/\/www.amau.com.br\/site\/wp-json\/wp\/v2\/posts"}],"about":[{"href":"https:\/\/www.amau.com.br\/site\/wp-json\/wp\/v2\/types\/post"}],"author":[{"embeddable":true,"href":"https:\/\/www.amau.com.br\/site\/wp-json\/wp\/v2\/users\/35"}],"replies":[{"embeddable":true,"href":"https:\/\/www.amau.com.br\/site\/wp-json\/wp\/v2\/comments?post=7759"}],"version-history":[{"count":0,"href":"https:\/\/www.amau.com.br\/site\/wp-json\/wp\/v2\/posts\/7759\/revisions"}],"wp:featuredmedia":[{"embeddable":true,"href":"https:\/\/www.amau.com.br\/site\/wp-json\/wp\/v2\/media\/7765"}],"wp:attachment":[{"href":"https:\/\/www.amau.com.br\/site\/wp-json\/wp\/v2\/media?parent=7759"}],"wp:term":[{"taxonomy":"category","embeddable":true,"href":"https:\/\/www.amau.com.br\/site\/wp-json\/wp\/v2\/categories?post=7759"},{"taxonomy":"post_tag","embeddable":true,"href":"https:\/\/www.amau.com.br\/site\/wp-json\/wp\/v2\/tags?post=7759"}],"curies":[{"name":"wp","href":"https:\/\/api.w.org\/{rel}","templated":true}]}}