{"id":7650,"date":"2021-10-26T11:01:40","date_gmt":"2021-10-26T14:01:40","guid":{"rendered":"https:\/\/www.amau.com.br\/site\/?p=7650"},"modified":"2021-10-26T11:01:40","modified_gmt":"2021-10-26T14:01:40","slug":"severiano-de-almeida-alerta-a-comunidade-com-os-cuidados-para-evitar-a-dengue","status":"publish","type":"post","link":"https:\/\/www.amau.com.br\/site\/severiano-de-almeida-alerta-a-comunidade-com-os-cuidados-para-evitar-a-dengue\/","title":{"rendered":"Severiano de Almeida alerta a comunidade com os cuidados para evitar a dengue"},"content":{"rendered":"<p style=\"text-align: justify\">O combate ao mosquito Aedes aegypti deve ser durante todo o ano, mas com a proximidade do Dia dos Finados, a Prefeitura faz um alerta para intensificar o cuidado com a \u00e1gua parada.<\/p>\n<p style=\"text-align: justify\">A dengue n\u00e3o \u00e9 brincadeira, \u00e9 uma doen\u00e7a que pode matar!<\/p>\n<p style=\"text-align: justify\">A Prefeitura de Severiano de Almeida alerta a comunidade sobre os vasos e floreiras levados aos cemit\u00e9rios por conta do Dia de Finados (2 de novembro), que podem servir de criadouros para o mosquito Aedes aegypti, transmissor de doen\u00e7as como dengue, zika e chikungunya.<\/p>\n<p style=\"text-align: justify\">Embalagens pl\u00e1sticas, suportes para as velas colocadas nos t\u00famulos, copos pl\u00e1sticos e os pr\u00f3prios jazigos podem servir de criadouro para as larvas do mosquito. Por isso, quem visita os cemit\u00e9rios deve tomar alguns cuidados.<\/p>\n<p style=\"text-align: justify\">As chuvas constantes e o aumento das temperaturas transformam qualquer recipiente que acumula \u00e1gua em um local prop\u00edcio para a prolifera\u00e7\u00e3o do mosquito da dengue. Pedimos que a comunidade fique em alerta e n\u00e3o deixe a \u00e1gua acumular em nenhum lugar.<\/p>\n<p style=\"text-align: justify\">No caso de vasos, a recomenda\u00e7\u00e3o \u00e9 preench\u00ea-los com areia ou substitu\u00ed-los por modelos que n\u00e3o acumulem \u00e1gua. Uma op\u00e7\u00e3o \u00e9 preferir flores artificiais ou as plantadas diretamente na terra e evitar plantas que podem reter \u00e1gua entre as folhas, como brom\u00e9lia.<\/p>\n<p style=\"text-align: justify\">Outro cuidado \u00e9 retirar embalagens pl\u00e1sticas dos vasos, n\u00e3o usar cachep\u00f4s (porta vasos), nem deixar objetos que possam estocar \u00e1gua sobre os t\u00famulos, al\u00e9m de reparar periodicamente os jazigos para evitar sali\u00eancias ou buracos.<\/p>\n<p style=\"text-align: justify\">Quinze dias ap\u00f3s os finados, a Prefeitura Municipal, se reserva ao direito de fazer uma limpeza geral no cemit\u00e9rio, onde ser\u00e3o recolhidos todos os recipientes que acumulem \u00e1gua, por isso, os moradores que quiserem retirar seus vasos de flores do cemit\u00e9rio, devem faz\u00ea-lo antes desse per\u00edodo. Contamos com a colabora\u00e7\u00e3o de todos, pensando sempre na sa\u00fade coletiva de nossa popula\u00e7\u00e3o.<\/p>\n","protected":false},"excerpt":{"rendered":"<p>O combate ao mosquito Aedes aegypti deve ser durante todo o ano, mas com a proximidade do Dia dos Finados, a Prefeitura faz um alerta para intensificar o cuidado com a \u00e1gua parada. A dengue n\u00e3o \u00e9 brincadeira, \u00e9 uma doen\u00e7a que pode matar! A Prefeitura de Severiano de Almeida alerta a comunidade sobre os [&hellip;]<\/p>\n","protected":false},"author":35,"featured_media":7651,"comment_status":"open","ping_status":"open","sticky":false,"template":"","format":"standard","meta":{"ocean_post_layout":"","ocean_both_sidebars_style":"","ocean_both_sidebars_content_width":0,"ocean_both_sidebars_sidebars_width":0,"ocean_sidebar":"","ocean_second_sidebar":"","ocean_disable_margins":"enable","ocean_add_body_class":"","ocean_shortcode_before_top_bar":"","ocean_shortcode_after_top_bar":"","ocean_shortcode_before_header":"","ocean_shortcode_after_header":"","ocean_has_shortcode":"","ocean_shortcode_after_title":"","ocean_shortcode_before_footer_widgets":"","ocean_shortcode_after_footer_widgets":"","ocean_shortcode_before_footer_bottom":"","ocean_shortcode_after_footer_bottom":"","ocean_display_top_bar":"default","ocean_display_header":"default","ocean_header_style":"","ocean_center_header_left_menu":"","ocean_custom_header_template":"","ocean_custom_logo":0,"ocean_custom_retina_logo":0,"ocean_custom_logo_max_width":0,"ocean_custom_logo_tablet_max_width":0,"ocean_custom_logo_mobile_max_width":0,"ocean_custom_logo_max_height":0,"ocean_custom_logo_tablet_max_height":0,"ocean_custom_logo_mobile_max_height":0,"ocean_header_custom_menu":"","ocean_menu_typo_font_family":"","ocean_menu_typo_font_subset":"","ocean_menu_typo_font_size":0,"ocean_menu_typo_font_size_tablet":0,"ocean_menu_typo_font_size_mobile":0,"ocean_menu_typo_font_size_unit":"px","ocean_menu_typo_font_weight":"","ocean_menu_typo_font_weight_tablet":"","ocean_menu_typo_font_weight_mobile":"","ocean_menu_typo_transform":"","ocean_menu_typo_transform_tablet":"","ocean_menu_typo_transform_mobile":"","ocean_menu_typo_line_height":0,"ocean_menu_typo_line_height_tablet":0,"ocean_menu_typo_line_height_mobile":0,"ocean_menu_typo_line_height_unit":"","ocean_menu_typo_spacing":0,"ocean_menu_typo_spacing_tablet":0,"ocean_menu_typo_spacing_mobile":0,"ocean_menu_typo_spacing_unit":"","ocean_menu_link_color":"","ocean_menu_link_color_hover":"","ocean_menu_link_color_active":"","ocean_menu_link_background":"","ocean_menu_link_hover_background":"","ocean_menu_link_active_background":"","ocean_menu_social_links_bg":"","ocean_menu_social_hover_links_bg":"","ocean_menu_social_links_color":"","ocean_menu_social_hover_links_color":"","ocean_disable_title":"default","ocean_disable_heading":"default","ocean_post_title":"","ocean_post_subheading":"","ocean_post_title_style":"","ocean_post_title_background_color":"","ocean_post_title_background":0,"ocean_post_title_bg_image_position":"","ocean_post_title_bg_image_attachment":"","ocean_post_title_bg_image_repeat":"","ocean_post_title_bg_image_size":"","ocean_post_title_height":0,"ocean_post_title_bg_overlay":0.5,"ocean_post_title_bg_overlay_color":"","ocean_disable_breadcrumbs":"default","ocean_breadcrumbs_color":"","ocean_breadcrumbs_separator_color":"","ocean_breadcrumbs_links_color":"","ocean_breadcrumbs_links_hover_color":"","ocean_display_footer_widgets":"default","ocean_display_footer_bottom":"default","ocean_custom_footer_template":"","ocean_post_oembed":"","ocean_post_self_hosted_media":"","ocean_post_video_embed":"","ocean_link_format":"","ocean_link_format_target":"self","ocean_quote_format":"","ocean_quote_format_link":"post","ocean_gallery_link_images":"off","ocean_gallery_id":[],"footnotes":""},"categories":[91],"tags":[],"class_list":["post-7650","post","type-post","status-publish","format-standard","has-post-thumbnail","hentry","category-severiano-de-almeida","entry","has-media"],"yoast_head":"<!-- This site is optimized with the Yoast SEO plugin v27.4 - https:\/\/yoast.com\/product\/yoast-seo-wordpress\/ -->\n<title>Severiano de Almeida alerta a comunidade com os cuidados para evitar a dengue - AMAU - Associa\u00e7\u00e3o de Munic\u00edpios do Alto Uruguai<\/title>\n<meta name=\"robots\" content=\"index, follow, max-snippet:-1, max-image-preview:large, max-video-preview:-1\" \/>\n<link rel=\"canonical\" href=\"https:\/\/www.amau.com.br\/site\/severiano-de-almeida-alerta-a-comunidade-com-os-cuidados-para-evitar-a-dengue\/\" \/>\n<meta property=\"og:locale\" content=\"pt_BR\" \/>\n<meta property=\"og:type\" content=\"article\" \/>\n<meta property=\"og:title\" content=\"Severiano de Almeida alerta a comunidade com os cuidados para evitar a dengue - AMAU - Associa\u00e7\u00e3o de Munic\u00edpios do Alto Uruguai\" \/>\n<meta property=\"og:description\" content=\"O combate ao mosquito Aedes aegypti deve ser durante todo o ano, mas com a proximidade do Dia dos Finados, a Prefeitura faz um alerta para intensificar o cuidado com a \u00e1gua parada. A dengue n\u00e3o \u00e9 brincadeira, \u00e9 uma doen\u00e7a que pode matar! A Prefeitura de Severiano de Almeida alerta a comunidade sobre os [&hellip;]\" \/>\n<meta property=\"og:url\" content=\"https:\/\/www.amau.com.br\/site\/severiano-de-almeida-alerta-a-comunidade-com-os-cuidados-para-evitar-a-dengue\/\" \/>\n<meta property=\"og:site_name\" content=\"AMAU - Associa\u00e7\u00e3o de Munic\u00edpios do Alto Uruguai\" \/>\n<meta property=\"article:publisher\" content=\"http:\/\/www.facebook.com\/amauaaltouruguai\" \/>\n<meta property=\"article:published_time\" content=\"2021-10-26T14:01:40+00:00\" \/>\n<meta property=\"og:image\" content=\"https:\/\/www.amau.com.br\/site\/wp-content\/uploads\/2021\/10\/Dengue.jpg\" \/>\n\t<meta property=\"og:image:width\" content=\"800\" \/>\n\t<meta property=\"og:image:height\" content=\"800\" \/>\n\t<meta property=\"og:image:type\" content=\"image\/jpeg\" \/>\n<meta name=\"author\" content=\"Severiano de Almeida\" \/>\n<meta name=\"twitter:card\" content=\"summary_large_image\" \/>\n<meta name=\"twitter:label1\" content=\"Escrito por\" \/>\n\t<meta name=\"twitter:data1\" content=\"Severiano de Almeida\" \/>\n\t<meta name=\"twitter:label2\" content=\"Est. tempo de leitura\" \/>\n\t<meta name=\"twitter:data2\" content=\"2 minutos\" \/>\n<script type=\"application\/ld+json\" class=\"yoast-schema-graph\">{\"@context\":\"https:\\\/\\\/schema.org\",\"@graph\":[{\"@type\":\"Article\",\"@id\":\"https:\\\/\\\/www.amau.com.br\\\/site\\\/severiano-de-almeida-alerta-a-comunidade-com-os-cuidados-para-evitar-a-dengue\\\/#article\",\"isPartOf\":{\"@id\":\"https:\\\/\\\/www.amau.com.br\\\/site\\\/severiano-de-almeida-alerta-a-comunidade-com-os-cuidados-para-evitar-a-dengue\\\/\"},\"author\":{\"name\":\"Severiano de Almeida\",\"@id\":\"https:\\\/\\\/www.amau.com.br\\\/site\\\/#\\\/schema\\\/person\\\/dfe07b1570f354b7add16f3a9fb955c5\"},\"headline\":\"Severiano de Almeida alerta a comunidade com os cuidados para evitar a dengue\",\"datePublished\":\"2021-10-26T14:01:40+00:00\",\"mainEntityOfPage\":{\"@id\":\"https:\\\/\\\/www.amau.com.br\\\/site\\\/severiano-de-almeida-alerta-a-comunidade-com-os-cuidados-para-evitar-a-dengue\\\/\"},\"wordCount\":339,\"commentCount\":0,\"publisher\":{\"@id\":\"https:\\\/\\\/www.amau.com.br\\\/site\\\/#organization\"},\"image\":{\"@id\":\"https:\\\/\\\/www.amau.com.br\\\/site\\\/severiano-de-almeida-alerta-a-comunidade-com-os-cuidados-para-evitar-a-dengue\\\/#primaryimage\"},\"thumbnailUrl\":\"https:\\\/\\\/www.amau.com.br\\\/site\\\/wp-content\\\/uploads\\\/2021\\\/10\\\/Dengue.jpg\",\"articleSection\":[\"Severiano de Almeida\"],\"inLanguage\":\"pt-BR\",\"potentialAction\":[{\"@type\":\"CommentAction\",\"name\":\"Comment\",\"target\":[\"https:\\\/\\\/www.amau.com.br\\\/site\\\/severiano-de-almeida-alerta-a-comunidade-com-os-cuidados-para-evitar-a-dengue\\\/#respond\"]}]},{\"@type\":\"WebPage\",\"@id\":\"https:\\\/\\\/www.amau.com.br\\\/site\\\/severiano-de-almeida-alerta-a-comunidade-com-os-cuidados-para-evitar-a-dengue\\\/\",\"url\":\"https:\\\/\\\/www.amau.com.br\\\/site\\\/severiano-de-almeida-alerta-a-comunidade-com-os-cuidados-para-evitar-a-dengue\\\/\",\"name\":\"Severiano de Almeida alerta a comunidade com os cuidados para evitar a dengue - AMAU - Associa\u00e7\u00e3o de Munic\u00edpios do Alto Uruguai\",\"isPartOf\":{\"@id\":\"https:\\\/\\\/www.amau.com.br\\\/site\\\/#website\"},\"primaryImageOfPage\":{\"@id\":\"https:\\\/\\\/www.amau.com.br\\\/site\\\/severiano-de-almeida-alerta-a-comunidade-com-os-cuidados-para-evitar-a-dengue\\\/#primaryimage\"},\"image\":{\"@id\":\"https:\\\/\\\/www.amau.com.br\\\/site\\\/severiano-de-almeida-alerta-a-comunidade-com-os-cuidados-para-evitar-a-dengue\\\/#primaryimage\"},\"thumbnailUrl\":\"https:\\\/\\\/www.amau.com.br\\\/site\\\/wp-content\\\/uploads\\\/2021\\\/10\\\/Dengue.jpg\",\"datePublished\":\"2021-10-26T14:01:40+00:00\",\"breadcrumb\":{\"@id\":\"https:\\\/\\\/www.amau.com.br\\\/site\\\/severiano-de-almeida-alerta-a-comunidade-com-os-cuidados-para-evitar-a-dengue\\\/#breadcrumb\"},\"inLanguage\":\"pt-BR\",\"potentialAction\":[{\"@type\":\"ReadAction\",\"target\":[\"https:\\\/\\\/www.amau.com.br\\\/site\\\/severiano-de-almeida-alerta-a-comunidade-com-os-cuidados-para-evitar-a-dengue\\\/\"]}]},{\"@type\":\"ImageObject\",\"inLanguage\":\"pt-BR\",\"@id\":\"https:\\\/\\\/www.amau.com.br\\\/site\\\/severiano-de-almeida-alerta-a-comunidade-com-os-cuidados-para-evitar-a-dengue\\\/#primaryimage\",\"url\":\"https:\\\/\\\/www.amau.com.br\\\/site\\\/wp-content\\\/uploads\\\/2021\\\/10\\\/Dengue.jpg\",\"contentUrl\":\"https:\\\/\\\/www.amau.com.br\\\/site\\\/wp-content\\\/uploads\\\/2021\\\/10\\\/Dengue.jpg\",\"width\":800,\"height\":800},{\"@type\":\"BreadcrumbList\",\"@id\":\"https:\\\/\\\/www.amau.com.br\\\/site\\\/severiano-de-almeida-alerta-a-comunidade-com-os-cuidados-para-evitar-a-dengue\\\/#breadcrumb\",\"itemListElement\":[{\"@type\":\"ListItem\",\"position\":1,\"name\":\"Home\",\"item\":\"https:\\\/\\\/www.amau.com.br\\\/site\\\/\"},{\"@type\":\"ListItem\",\"position\":2,\"name\":\"Severiano de Almeida alerta a comunidade com os cuidados para evitar a dengue\"}]},{\"@type\":\"WebSite\",\"@id\":\"https:\\\/\\\/www.amau.com.br\\\/site\\\/#website\",\"url\":\"https:\\\/\\\/www.amau.com.br\\\/site\\\/\",\"name\":\"AMAU - Associa\u00e7\u00e3o de Munic\u00edpios do Alto Uruguai\",\"description\":\"Construindo alternativas para o desenvolvimento.\",\"publisher\":{\"@id\":\"https:\\\/\\\/www.amau.com.br\\\/site\\\/#organization\"},\"potentialAction\":[{\"@type\":\"SearchAction\",\"target\":{\"@type\":\"EntryPoint\",\"urlTemplate\":\"https:\\\/\\\/www.amau.com.br\\\/site\\\/?s={search_term_string}\"},\"query-input\":{\"@type\":\"PropertyValueSpecification\",\"valueRequired\":true,\"valueName\":\"search_term_string\"}}],\"inLanguage\":\"pt-BR\"},{\"@type\":\"Organization\",\"@id\":\"https:\\\/\\\/www.amau.com.br\\\/site\\\/#organization\",\"name\":\"AMAU - Associa\u00e7\u00e3o de Munic\u00edpios do Alto Uruguai\",\"url\":\"https:\\\/\\\/www.amau.com.br\\\/site\\\/\",\"logo\":{\"@type\":\"ImageObject\",\"inLanguage\":\"pt-BR\",\"@id\":\"https:\\\/\\\/www.amau.com.br\\\/site\\\/#\\\/schema\\\/logo\\\/image\\\/\",\"url\":\"https:\\\/\\\/www.amau.com.br\\\/site\\\/wp-content\\\/uploads\\\/2017\\\/04\\\/cropped-Amau-Logos-Site-300-1.png\",\"contentUrl\":\"https:\\\/\\\/www.amau.com.br\\\/site\\\/wp-content\\\/uploads\\\/2017\\\/04\\\/cropped-Amau-Logos-Site-300-1.png\",\"width\":807,\"height\":221,\"caption\":\"AMAU - Associa\u00e7\u00e3o de Munic\u00edpios do Alto Uruguai\"},\"image\":{\"@id\":\"https:\\\/\\\/www.amau.com.br\\\/site\\\/#\\\/schema\\\/logo\\\/image\\\/\"},\"sameAs\":[\"http:\\\/\\\/www.facebook.com\\\/amauaaltouruguai\"]},{\"@type\":\"Person\",\"@id\":\"https:\\\/\\\/www.amau.com.br\\\/site\\\/#\\\/schema\\\/person\\\/dfe07b1570f354b7add16f3a9fb955c5\",\"name\":\"Severiano de Almeida\",\"image\":{\"@type\":\"ImageObject\",\"inLanguage\":\"pt-BR\",\"@id\":\"https:\\\/\\\/www.amau.com.br\\\/site\\\/wp-content\\\/uploads\\\/2021\\\/08\\\/avatar_user_35_1630434428-96x96.jpg\",\"url\":\"https:\\\/\\\/www.amau.com.br\\\/site\\\/wp-content\\\/uploads\\\/2021\\\/08\\\/avatar_user_35_1630434428-96x96.jpg\",\"contentUrl\":\"https:\\\/\\\/www.amau.com.br\\\/site\\\/wp-content\\\/uploads\\\/2021\\\/08\\\/avatar_user_35_1630434428-96x96.jpg\",\"caption\":\"Severiano de Almeida\"},\"sameAs\":[\"amau\"],\"url\":\"https:\\\/\\\/www.amau.com.br\\\/site\\\/author\\\/severiano-de-almeida\\\/\"}]}<\/script>\n<!-- \/ Yoast SEO plugin. -->","yoast_head_json":{"title":"Severiano de Almeida alerta a comunidade com os cuidados para evitar a dengue - AMAU - Associa\u00e7\u00e3o de Munic\u00edpios do Alto Uruguai","robots":{"index":"index","follow":"follow","max-snippet":"max-snippet:-1","max-image-preview":"max-image-preview:large","max-video-preview":"max-video-preview:-1"},"canonical":"https:\/\/www.amau.com.br\/site\/severiano-de-almeida-alerta-a-comunidade-com-os-cuidados-para-evitar-a-dengue\/","og_locale":"pt_BR","og_type":"article","og_title":"Severiano de Almeida alerta a comunidade com os cuidados para evitar a dengue - AMAU - Associa\u00e7\u00e3o de Munic\u00edpios do Alto Uruguai","og_description":"O combate ao mosquito Aedes aegypti deve ser durante todo o ano, mas com a proximidade do Dia dos Finados, a Prefeitura faz um alerta para intensificar o cuidado com a \u00e1gua parada. A dengue n\u00e3o \u00e9 brincadeira, \u00e9 uma doen\u00e7a que pode matar! A Prefeitura de Severiano de Almeida alerta a comunidade sobre os [&hellip;]","og_url":"https:\/\/www.amau.com.br\/site\/severiano-de-almeida-alerta-a-comunidade-com-os-cuidados-para-evitar-a-dengue\/","og_site_name":"AMAU - Associa\u00e7\u00e3o de Munic\u00edpios do Alto Uruguai","article_publisher":"http:\/\/www.facebook.com\/amauaaltouruguai","article_published_time":"2021-10-26T14:01:40+00:00","og_image":[{"width":800,"height":800,"url":"https:\/\/www.amau.com.br\/site\/wp-content\/uploads\/2021\/10\/Dengue.jpg","type":"image\/jpeg"}],"author":"Severiano de Almeida","twitter_card":"summary_large_image","twitter_misc":{"Escrito por":"Severiano de Almeida","Est. tempo de leitura":"2 minutos"},"schema":{"@context":"https:\/\/schema.org","@graph":[{"@type":"Article","@id":"https:\/\/www.amau.com.br\/site\/severiano-de-almeida-alerta-a-comunidade-com-os-cuidados-para-evitar-a-dengue\/#article","isPartOf":{"@id":"https:\/\/www.amau.com.br\/site\/severiano-de-almeida-alerta-a-comunidade-com-os-cuidados-para-evitar-a-dengue\/"},"author":{"name":"Severiano de Almeida","@id":"https:\/\/www.amau.com.br\/site\/#\/schema\/person\/dfe07b1570f354b7add16f3a9fb955c5"},"headline":"Severiano de Almeida alerta a comunidade com os cuidados para evitar a dengue","datePublished":"2021-10-26T14:01:40+00:00","mainEntityOfPage":{"@id":"https:\/\/www.amau.com.br\/site\/severiano-de-almeida-alerta-a-comunidade-com-os-cuidados-para-evitar-a-dengue\/"},"wordCount":339,"commentCount":0,"publisher":{"@id":"https:\/\/www.amau.com.br\/site\/#organization"},"image":{"@id":"https:\/\/www.amau.com.br\/site\/severiano-de-almeida-alerta-a-comunidade-com-os-cuidados-para-evitar-a-dengue\/#primaryimage"},"thumbnailUrl":"https:\/\/www.amau.com.br\/site\/wp-content\/uploads\/2021\/10\/Dengue.jpg","articleSection":["Severiano de Almeida"],"inLanguage":"pt-BR","potentialAction":[{"@type":"CommentAction","name":"Comment","target":["https:\/\/www.amau.com.br\/site\/severiano-de-almeida-alerta-a-comunidade-com-os-cuidados-para-evitar-a-dengue\/#respond"]}]},{"@type":"WebPage","@id":"https:\/\/www.amau.com.br\/site\/severiano-de-almeida-alerta-a-comunidade-com-os-cuidados-para-evitar-a-dengue\/","url":"https:\/\/www.amau.com.br\/site\/severiano-de-almeida-alerta-a-comunidade-com-os-cuidados-para-evitar-a-dengue\/","name":"Severiano de Almeida alerta a comunidade com os cuidados para evitar a dengue - AMAU - Associa\u00e7\u00e3o de Munic\u00edpios do Alto Uruguai","isPartOf":{"@id":"https:\/\/www.amau.com.br\/site\/#website"},"primaryImageOfPage":{"@id":"https:\/\/www.amau.com.br\/site\/severiano-de-almeida-alerta-a-comunidade-com-os-cuidados-para-evitar-a-dengue\/#primaryimage"},"image":{"@id":"https:\/\/www.amau.com.br\/site\/severiano-de-almeida-alerta-a-comunidade-com-os-cuidados-para-evitar-a-dengue\/#primaryimage"},"thumbnailUrl":"https:\/\/www.amau.com.br\/site\/wp-content\/uploads\/2021\/10\/Dengue.jpg","datePublished":"2021-10-26T14:01:40+00:00","breadcrumb":{"@id":"https:\/\/www.amau.com.br\/site\/severiano-de-almeida-alerta-a-comunidade-com-os-cuidados-para-evitar-a-dengue\/#breadcrumb"},"inLanguage":"pt-BR","potentialAction":[{"@type":"ReadAction","target":["https:\/\/www.amau.com.br\/site\/severiano-de-almeida-alerta-a-comunidade-com-os-cuidados-para-evitar-a-dengue\/"]}]},{"@type":"ImageObject","inLanguage":"pt-BR","@id":"https:\/\/www.amau.com.br\/site\/severiano-de-almeida-alerta-a-comunidade-com-os-cuidados-para-evitar-a-dengue\/#primaryimage","url":"https:\/\/www.amau.com.br\/site\/wp-content\/uploads\/2021\/10\/Dengue.jpg","contentUrl":"https:\/\/www.amau.com.br\/site\/wp-content\/uploads\/2021\/10\/Dengue.jpg","width":800,"height":800},{"@type":"BreadcrumbList","@id":"https:\/\/www.amau.com.br\/site\/severiano-de-almeida-alerta-a-comunidade-com-os-cuidados-para-evitar-a-dengue\/#breadcrumb","itemListElement":[{"@type":"ListItem","position":1,"name":"Home","item":"https:\/\/www.amau.com.br\/site\/"},{"@type":"ListItem","position":2,"name":"Severiano de Almeida alerta a comunidade com os cuidados para evitar a dengue"}]},{"@type":"WebSite","@id":"https:\/\/www.amau.com.br\/site\/#website","url":"https:\/\/www.amau.com.br\/site\/","name":"AMAU - Associa\u00e7\u00e3o de Munic\u00edpios do Alto Uruguai","description":"Construindo alternativas para o desenvolvimento.","publisher":{"@id":"https:\/\/www.amau.com.br\/site\/#organization"},"potentialAction":[{"@type":"SearchAction","target":{"@type":"EntryPoint","urlTemplate":"https:\/\/www.amau.com.br\/site\/?s={search_term_string}"},"query-input":{"@type":"PropertyValueSpecification","valueRequired":true,"valueName":"search_term_string"}}],"inLanguage":"pt-BR"},{"@type":"Organization","@id":"https:\/\/www.amau.com.br\/site\/#organization","name":"AMAU - Associa\u00e7\u00e3o de Munic\u00edpios do Alto Uruguai","url":"https:\/\/www.amau.com.br\/site\/","logo":{"@type":"ImageObject","inLanguage":"pt-BR","@id":"https:\/\/www.amau.com.br\/site\/#\/schema\/logo\/image\/","url":"https:\/\/www.amau.com.br\/site\/wp-content\/uploads\/2017\/04\/cropped-Amau-Logos-Site-300-1.png","contentUrl":"https:\/\/www.amau.com.br\/site\/wp-content\/uploads\/2017\/04\/cropped-Amau-Logos-Site-300-1.png","width":807,"height":221,"caption":"AMAU - Associa\u00e7\u00e3o de Munic\u00edpios do Alto Uruguai"},"image":{"@id":"https:\/\/www.amau.com.br\/site\/#\/schema\/logo\/image\/"},"sameAs":["http:\/\/www.facebook.com\/amauaaltouruguai"]},{"@type":"Person","@id":"https:\/\/www.amau.com.br\/site\/#\/schema\/person\/dfe07b1570f354b7add16f3a9fb955c5","name":"Severiano de Almeida","image":{"@type":"ImageObject","inLanguage":"pt-BR","@id":"https:\/\/www.amau.com.br\/site\/wp-content\/uploads\/2021\/08\/avatar_user_35_1630434428-96x96.jpg","url":"https:\/\/www.amau.com.br\/site\/wp-content\/uploads\/2021\/08\/avatar_user_35_1630434428-96x96.jpg","contentUrl":"https:\/\/www.amau.com.br\/site\/wp-content\/uploads\/2021\/08\/avatar_user_35_1630434428-96x96.jpg","caption":"Severiano de Almeida"},"sameAs":["amau"],"url":"https:\/\/www.amau.com.br\/site\/author\/severiano-de-almeida\/"}]}},"_links":{"self":[{"href":"https:\/\/www.amau.com.br\/site\/wp-json\/wp\/v2\/posts\/7650","targetHints":{"allow":["GET"]}}],"collection":[{"href":"https:\/\/www.amau.com.br\/site\/wp-json\/wp\/v2\/posts"}],"about":[{"href":"https:\/\/www.amau.com.br\/site\/wp-json\/wp\/v2\/types\/post"}],"author":[{"embeddable":true,"href":"https:\/\/www.amau.com.br\/site\/wp-json\/wp\/v2\/users\/35"}],"replies":[{"embeddable":true,"href":"https:\/\/www.amau.com.br\/site\/wp-json\/wp\/v2\/comments?post=7650"}],"version-history":[{"count":0,"href":"https:\/\/www.amau.com.br\/site\/wp-json\/wp\/v2\/posts\/7650\/revisions"}],"wp:featuredmedia":[{"embeddable":true,"href":"https:\/\/www.amau.com.br\/site\/wp-json\/wp\/v2\/media\/7651"}],"wp:attachment":[{"href":"https:\/\/www.amau.com.br\/site\/wp-json\/wp\/v2\/media?parent=7650"}],"wp:term":[{"taxonomy":"category","embeddable":true,"href":"https:\/\/www.amau.com.br\/site\/wp-json\/wp\/v2\/categories?post=7650"},{"taxonomy":"post_tag","embeddable":true,"href":"https:\/\/www.amau.com.br\/site\/wp-json\/wp\/v2\/tags?post=7650"}],"curies":[{"name":"wp","href":"https:\/\/api.w.org\/{rel}","templated":true}]}}