{"id":7288,"date":"2021-10-08T16:30:12","date_gmt":"2021-10-08T19:30:12","guid":{"rendered":"https:\/\/www.amau.com.br\/site\/?p=7288"},"modified":"2021-10-15T08:50:14","modified_gmt":"2021-10-15T11:50:14","slug":"severiano-de-almeida-tera-recolhimento-de-eletroeletronicos","status":"publish","type":"post","link":"https:\/\/www.amau.com.br\/site\/severiano-de-almeida-tera-recolhimento-de-eletroeletronicos\/","title":{"rendered":"Severiano de Almeida far\u00e1 recolhimento de eletroeletr\u00f4nicos"},"content":{"rendered":"<p>O Munic\u00edpio de Severiano de Almeida, atrav\u00e9s da secretaria de Meio Ambiente est\u00e1 realizando mais uma campanha de RECOLHIMENTO DE LIXO ELETROELETR\u00d4NICOS.<\/p>\n<p>Os materiais poder\u00e3o ser entregues no Ecoponto instalado junto \u00e0 Secretaria at\u00e9 o dia 29 de outubro.<\/p>\n<p>O que pode e deve ser descartado?<\/p>\n<p>\u2705 Computadores, teclados, mouses, cabos, estabilizadores e no-brakes<\/p>\n<p>\u2705 Celulares<\/p>\n<p>\u2705 Televisores<\/p>\n<p>\u2705 Liquidificadores<\/p>\n<p>\u2705 Batedeiras<\/p>\n<p>\u2705 R\u00e1dios<\/p>\n<p>\u2705 Chuveiros<\/p>\n<p>\u2705 Fornos el\u00e9tricos<\/p>\n<p>\u2705 Pilhas e baterias<\/p>\n<p>\u2705 Geladeiras<\/p>\n<p>\u2705 Fog\u00f5es<\/p>\n<p>\u2705 Entre outros<\/p>\n<p>Para o secret\u00e1rio da pasta, senhor Valmor Lazzarin\u00a0 essa campanha \u00e9 uma a\u00e7\u00e3o de suma import\u00e2ncia para o munic\u00edpio, pois est\u00e1 ligada ao cuidado com a sa\u00fade dos mun\u00edcipes e no que tange \u00e0 responsabilidade de cada um para com o meio ambiente. Destaca-se que alguns itens do lixo eletr\u00f4nico cont\u00eam subst\u00e2ncias t\u00f3xicas e ao serem descartados de forma incorreta, causam danos \u00e0 sa\u00fade p\u00fablica, \u00e0 natureza, ao meio ambiente.<\/p>\n<p>Portanto, a referida campanha, desenvolvida pela Secretaria do Meio Ambiente, visa, em primeiro lugar, fortalecer a consci\u00eancia dos cidad\u00e3os quanto ao cuidado com a vida do planeta, como um todo, e tamb\u00e9m evitar o ac\u00famulo deste tipo de lixo nas casas, nas empresas, no com\u00e9rcio.<\/p>\n<p>Neste sentido, busca-se incentivar para que os mun\u00edcipes possam aderir a campanha e cada um possa fazer a sua parte, levando o lixo eletr\u00f4nico no Ecoponto instalado junto \u00e0 Secretaria at\u00e9 o dia 29 de outubro. Destacou\u00a0 Lazzarin.<\/p>\n","protected":false},"excerpt":{"rendered":"<p>O Munic\u00edpio de Severiano de Almeida, atrav\u00e9s da secretaria de Meio Ambiente est\u00e1 realizando mais uma campanha de RECOLHIMENTO DE LIXO ELETROELETR\u00d4NICOS. Os materiais poder\u00e3o ser entregues no Ecoponto instalado junto \u00e0 Secretaria at\u00e9 o dia 29 de outubro. O que pode e deve ser descartado? \u2705 Computadores, teclados, mouses, cabos, estabilizadores e no-brakes \u2705 [&hellip;]<\/p>\n","protected":false},"author":35,"featured_media":7289,"comment_status":"open","ping_status":"open","sticky":false,"template":"","format":"standard","meta":{"ocean_post_layout":"","ocean_both_sidebars_style":"","ocean_both_sidebars_content_width":0,"ocean_both_sidebars_sidebars_width":0,"ocean_sidebar":"","ocean_second_sidebar":"","ocean_disable_margins":"enable","ocean_add_body_class":"","ocean_shortcode_before_top_bar":"","ocean_shortcode_after_top_bar":"","ocean_shortcode_before_header":"","ocean_shortcode_after_header":"","ocean_has_shortcode":"","ocean_shortcode_after_title":"","ocean_shortcode_before_footer_widgets":"","ocean_shortcode_after_footer_widgets":"","ocean_shortcode_before_footer_bottom":"","ocean_shortcode_after_footer_bottom":"","ocean_display_top_bar":"default","ocean_display_header":"default","ocean_header_style":"","ocean_center_header_left_menu":"","ocean_custom_header_template":"","ocean_custom_logo":0,"ocean_custom_retina_logo":0,"ocean_custom_logo_max_width":0,"ocean_custom_logo_tablet_max_width":0,"ocean_custom_logo_mobile_max_width":0,"ocean_custom_logo_max_height":0,"ocean_custom_logo_tablet_max_height":0,"ocean_custom_logo_mobile_max_height":0,"ocean_header_custom_menu":"","ocean_menu_typo_font_family":"","ocean_menu_typo_font_subset":"","ocean_menu_typo_font_size":0,"ocean_menu_typo_font_size_tablet":0,"ocean_menu_typo_font_size_mobile":0,"ocean_menu_typo_font_size_unit":"px","ocean_menu_typo_font_weight":"","ocean_menu_typo_font_weight_tablet":"","ocean_menu_typo_font_weight_mobile":"","ocean_menu_typo_transform":"","ocean_menu_typo_transform_tablet":"","ocean_menu_typo_transform_mobile":"","ocean_menu_typo_line_height":0,"ocean_menu_typo_line_height_tablet":0,"ocean_menu_typo_line_height_mobile":0,"ocean_menu_typo_line_height_unit":"","ocean_menu_typo_spacing":0,"ocean_menu_typo_spacing_tablet":0,"ocean_menu_typo_spacing_mobile":0,"ocean_menu_typo_spacing_unit":"","ocean_menu_link_color":"","ocean_menu_link_color_hover":"","ocean_menu_link_color_active":"","ocean_menu_link_background":"","ocean_menu_link_hover_background":"","ocean_menu_link_active_background":"","ocean_menu_social_links_bg":"","ocean_menu_social_hover_links_bg":"","ocean_menu_social_links_color":"","ocean_menu_social_hover_links_color":"","ocean_disable_title":"default","ocean_disable_heading":"default","ocean_post_title":"","ocean_post_subheading":"","ocean_post_title_style":"","ocean_post_title_background_color":"","ocean_post_title_background":0,"ocean_post_title_bg_image_position":"","ocean_post_title_bg_image_attachment":"","ocean_post_title_bg_image_repeat":"","ocean_post_title_bg_image_size":"","ocean_post_title_height":0,"ocean_post_title_bg_overlay":0.5,"ocean_post_title_bg_overlay_color":"","ocean_disable_breadcrumbs":"default","ocean_breadcrumbs_color":"","ocean_breadcrumbs_separator_color":"","ocean_breadcrumbs_links_color":"","ocean_breadcrumbs_links_hover_color":"","ocean_display_footer_widgets":"default","ocean_display_footer_bottom":"default","ocean_custom_footer_template":"","ocean_post_oembed":"","ocean_post_self_hosted_media":"","ocean_post_video_embed":"","ocean_link_format":"","ocean_link_format_target":"self","ocean_quote_format":"","ocean_quote_format_link":"post","ocean_gallery_link_images":"off","ocean_gallery_id":[],"footnotes":""},"categories":[91],"tags":[],"class_list":["post-7288","post","type-post","status-publish","format-standard","has-post-thumbnail","hentry","category-severiano-de-almeida","entry","has-media"],"yoast_head":"<!-- This site is optimized with the Yoast SEO plugin v27.4 - https:\/\/yoast.com\/product\/yoast-seo-wordpress\/ -->\n<title>Severiano de Almeida far\u00e1 recolhimento de eletroeletr\u00f4nicos - AMAU - Associa\u00e7\u00e3o de Munic\u00edpios do Alto Uruguai<\/title>\n<meta name=\"robots\" content=\"index, follow, max-snippet:-1, max-image-preview:large, max-video-preview:-1\" \/>\n<link rel=\"canonical\" href=\"https:\/\/www.amau.com.br\/site\/severiano-de-almeida-tera-recolhimento-de-eletroeletronicos\/\" \/>\n<meta property=\"og:locale\" content=\"pt_BR\" \/>\n<meta property=\"og:type\" content=\"article\" \/>\n<meta property=\"og:title\" content=\"Severiano de Almeida far\u00e1 recolhimento de eletroeletr\u00f4nicos - AMAU - Associa\u00e7\u00e3o de Munic\u00edpios do Alto Uruguai\" \/>\n<meta property=\"og:description\" content=\"O Munic\u00edpio de Severiano de Almeida, atrav\u00e9s da secretaria de Meio Ambiente est\u00e1 realizando mais uma campanha de RECOLHIMENTO DE LIXO ELETROELETR\u00d4NICOS. Os materiais poder\u00e3o ser entregues no Ecoponto instalado junto \u00e0 Secretaria at\u00e9 o dia 29 de outubro. O que pode e deve ser descartado? \u2705 Computadores, teclados, mouses, cabos, estabilizadores e no-brakes \u2705 [&hellip;]\" \/>\n<meta property=\"og:url\" content=\"https:\/\/www.amau.com.br\/site\/severiano-de-almeida-tera-recolhimento-de-eletroeletronicos\/\" \/>\n<meta property=\"og:site_name\" content=\"AMAU - Associa\u00e7\u00e3o de Munic\u00edpios do Alto Uruguai\" \/>\n<meta property=\"article:publisher\" content=\"http:\/\/www.facebook.com\/amauaaltouruguai\" \/>\n<meta property=\"article:published_time\" content=\"2021-10-08T19:30:12+00:00\" \/>\n<meta property=\"article:modified_time\" content=\"2021-10-15T11:50:14+00:00\" \/>\n<meta property=\"og:image\" content=\"https:\/\/www.amau.com.br\/site\/wp-content\/uploads\/2021\/10\/WhatsApp-Image-2021-10-08-at-15.58.48.jpeg\" \/>\n\t<meta property=\"og:image:width\" content=\"581\" \/>\n\t<meta property=\"og:image:height\" content=\"528\" \/>\n\t<meta property=\"og:image:type\" content=\"image\/jpeg\" \/>\n<meta name=\"author\" content=\"Severiano de Almeida\" \/>\n<meta name=\"twitter:card\" content=\"summary_large_image\" \/>\n<meta name=\"twitter:label1\" content=\"Escrito por\" \/>\n\t<meta name=\"twitter:data1\" content=\"Severiano de Almeida\" \/>\n\t<meta name=\"twitter:label2\" content=\"Est. tempo de leitura\" \/>\n\t<meta name=\"twitter:data2\" content=\"1 minuto\" \/>\n<script type=\"application\/ld+json\" class=\"yoast-schema-graph\">{\"@context\":\"https:\\\/\\\/schema.org\",\"@graph\":[{\"@type\":\"Article\",\"@id\":\"https:\\\/\\\/www.amau.com.br\\\/site\\\/severiano-de-almeida-tera-recolhimento-de-eletroeletronicos\\\/#article\",\"isPartOf\":{\"@id\":\"https:\\\/\\\/www.amau.com.br\\\/site\\\/severiano-de-almeida-tera-recolhimento-de-eletroeletronicos\\\/\"},\"author\":{\"name\":\"Severiano de Almeida\",\"@id\":\"https:\\\/\\\/www.amau.com.br\\\/site\\\/#\\\/schema\\\/person\\\/dfe07b1570f354b7add16f3a9fb955c5\"},\"headline\":\"Severiano de Almeida far\u00e1 recolhimento de eletroeletr\u00f4nicos\",\"datePublished\":\"2021-10-08T19:30:12+00:00\",\"dateModified\":\"2021-10-15T11:50:14+00:00\",\"mainEntityOfPage\":{\"@id\":\"https:\\\/\\\/www.amau.com.br\\\/site\\\/severiano-de-almeida-tera-recolhimento-de-eletroeletronicos\\\/\"},\"wordCount\":247,\"commentCount\":0,\"publisher\":{\"@id\":\"https:\\\/\\\/www.amau.com.br\\\/site\\\/#organization\"},\"image\":{\"@id\":\"https:\\\/\\\/www.amau.com.br\\\/site\\\/severiano-de-almeida-tera-recolhimento-de-eletroeletronicos\\\/#primaryimage\"},\"thumbnailUrl\":\"https:\\\/\\\/www.amau.com.br\\\/site\\\/wp-content\\\/uploads\\\/2021\\\/10\\\/WhatsApp-Image-2021-10-08-at-15.58.48.jpeg\",\"articleSection\":[\"Severiano de Almeida\"],\"inLanguage\":\"pt-BR\",\"potentialAction\":[{\"@type\":\"CommentAction\",\"name\":\"Comment\",\"target\":[\"https:\\\/\\\/www.amau.com.br\\\/site\\\/severiano-de-almeida-tera-recolhimento-de-eletroeletronicos\\\/#respond\"]}]},{\"@type\":\"WebPage\",\"@id\":\"https:\\\/\\\/www.amau.com.br\\\/site\\\/severiano-de-almeida-tera-recolhimento-de-eletroeletronicos\\\/\",\"url\":\"https:\\\/\\\/www.amau.com.br\\\/site\\\/severiano-de-almeida-tera-recolhimento-de-eletroeletronicos\\\/\",\"name\":\"Severiano de Almeida far\u00e1 recolhimento de eletroeletr\u00f4nicos - AMAU - Associa\u00e7\u00e3o de Munic\u00edpios do Alto Uruguai\",\"isPartOf\":{\"@id\":\"https:\\\/\\\/www.amau.com.br\\\/site\\\/#website\"},\"primaryImageOfPage\":{\"@id\":\"https:\\\/\\\/www.amau.com.br\\\/site\\\/severiano-de-almeida-tera-recolhimento-de-eletroeletronicos\\\/#primaryimage\"},\"image\":{\"@id\":\"https:\\\/\\\/www.amau.com.br\\\/site\\\/severiano-de-almeida-tera-recolhimento-de-eletroeletronicos\\\/#primaryimage\"},\"thumbnailUrl\":\"https:\\\/\\\/www.amau.com.br\\\/site\\\/wp-content\\\/uploads\\\/2021\\\/10\\\/WhatsApp-Image-2021-10-08-at-15.58.48.jpeg\",\"datePublished\":\"2021-10-08T19:30:12+00:00\",\"dateModified\":\"2021-10-15T11:50:14+00:00\",\"breadcrumb\":{\"@id\":\"https:\\\/\\\/www.amau.com.br\\\/site\\\/severiano-de-almeida-tera-recolhimento-de-eletroeletronicos\\\/#breadcrumb\"},\"inLanguage\":\"pt-BR\",\"potentialAction\":[{\"@type\":\"ReadAction\",\"target\":[\"https:\\\/\\\/www.amau.com.br\\\/site\\\/severiano-de-almeida-tera-recolhimento-de-eletroeletronicos\\\/\"]}]},{\"@type\":\"ImageObject\",\"inLanguage\":\"pt-BR\",\"@id\":\"https:\\\/\\\/www.amau.com.br\\\/site\\\/severiano-de-almeida-tera-recolhimento-de-eletroeletronicos\\\/#primaryimage\",\"url\":\"https:\\\/\\\/www.amau.com.br\\\/site\\\/wp-content\\\/uploads\\\/2021\\\/10\\\/WhatsApp-Image-2021-10-08-at-15.58.48.jpeg\",\"contentUrl\":\"https:\\\/\\\/www.amau.com.br\\\/site\\\/wp-content\\\/uploads\\\/2021\\\/10\\\/WhatsApp-Image-2021-10-08-at-15.58.48.jpeg\",\"width\":581,\"height\":528},{\"@type\":\"BreadcrumbList\",\"@id\":\"https:\\\/\\\/www.amau.com.br\\\/site\\\/severiano-de-almeida-tera-recolhimento-de-eletroeletronicos\\\/#breadcrumb\",\"itemListElement\":[{\"@type\":\"ListItem\",\"position\":1,\"name\":\"Home\",\"item\":\"https:\\\/\\\/www.amau.com.br\\\/site\\\/\"},{\"@type\":\"ListItem\",\"position\":2,\"name\":\"Severiano de Almeida far\u00e1 recolhimento de eletroeletr\u00f4nicos\"}]},{\"@type\":\"WebSite\",\"@id\":\"https:\\\/\\\/www.amau.com.br\\\/site\\\/#website\",\"url\":\"https:\\\/\\\/www.amau.com.br\\\/site\\\/\",\"name\":\"AMAU - Associa\u00e7\u00e3o de Munic\u00edpios do Alto Uruguai\",\"description\":\"Construindo alternativas para o desenvolvimento.\",\"publisher\":{\"@id\":\"https:\\\/\\\/www.amau.com.br\\\/site\\\/#organization\"},\"potentialAction\":[{\"@type\":\"SearchAction\",\"target\":{\"@type\":\"EntryPoint\",\"urlTemplate\":\"https:\\\/\\\/www.amau.com.br\\\/site\\\/?s={search_term_string}\"},\"query-input\":{\"@type\":\"PropertyValueSpecification\",\"valueRequired\":true,\"valueName\":\"search_term_string\"}}],\"inLanguage\":\"pt-BR\"},{\"@type\":\"Organization\",\"@id\":\"https:\\\/\\\/www.amau.com.br\\\/site\\\/#organization\",\"name\":\"AMAU - Associa\u00e7\u00e3o de Munic\u00edpios do Alto Uruguai\",\"url\":\"https:\\\/\\\/www.amau.com.br\\\/site\\\/\",\"logo\":{\"@type\":\"ImageObject\",\"inLanguage\":\"pt-BR\",\"@id\":\"https:\\\/\\\/www.amau.com.br\\\/site\\\/#\\\/schema\\\/logo\\\/image\\\/\",\"url\":\"https:\\\/\\\/www.amau.com.br\\\/site\\\/wp-content\\\/uploads\\\/2017\\\/04\\\/cropped-Amau-Logos-Site-300-1.png\",\"contentUrl\":\"https:\\\/\\\/www.amau.com.br\\\/site\\\/wp-content\\\/uploads\\\/2017\\\/04\\\/cropped-Amau-Logos-Site-300-1.png\",\"width\":807,\"height\":221,\"caption\":\"AMAU - Associa\u00e7\u00e3o de Munic\u00edpios do Alto Uruguai\"},\"image\":{\"@id\":\"https:\\\/\\\/www.amau.com.br\\\/site\\\/#\\\/schema\\\/logo\\\/image\\\/\"},\"sameAs\":[\"http:\\\/\\\/www.facebook.com\\\/amauaaltouruguai\"]},{\"@type\":\"Person\",\"@id\":\"https:\\\/\\\/www.amau.com.br\\\/site\\\/#\\\/schema\\\/person\\\/dfe07b1570f354b7add16f3a9fb955c5\",\"name\":\"Severiano de Almeida\",\"image\":{\"@type\":\"ImageObject\",\"inLanguage\":\"pt-BR\",\"@id\":\"https:\\\/\\\/www.amau.com.br\\\/site\\\/wp-content\\\/uploads\\\/2021\\\/08\\\/avatar_user_35_1630434428-96x96.jpg\",\"url\":\"https:\\\/\\\/www.amau.com.br\\\/site\\\/wp-content\\\/uploads\\\/2021\\\/08\\\/avatar_user_35_1630434428-96x96.jpg\",\"contentUrl\":\"https:\\\/\\\/www.amau.com.br\\\/site\\\/wp-content\\\/uploads\\\/2021\\\/08\\\/avatar_user_35_1630434428-96x96.jpg\",\"caption\":\"Severiano de Almeida\"},\"sameAs\":[\"amau\"],\"url\":\"https:\\\/\\\/www.amau.com.br\\\/site\\\/author\\\/severiano-de-almeida\\\/\"}]}<\/script>\n<!-- \/ Yoast SEO plugin. -->","yoast_head_json":{"title":"Severiano de Almeida far\u00e1 recolhimento de eletroeletr\u00f4nicos - AMAU - Associa\u00e7\u00e3o de Munic\u00edpios do Alto Uruguai","robots":{"index":"index","follow":"follow","max-snippet":"max-snippet:-1","max-image-preview":"max-image-preview:large","max-video-preview":"max-video-preview:-1"},"canonical":"https:\/\/www.amau.com.br\/site\/severiano-de-almeida-tera-recolhimento-de-eletroeletronicos\/","og_locale":"pt_BR","og_type":"article","og_title":"Severiano de Almeida far\u00e1 recolhimento de eletroeletr\u00f4nicos - AMAU - Associa\u00e7\u00e3o de Munic\u00edpios do Alto Uruguai","og_description":"O Munic\u00edpio de Severiano de Almeida, atrav\u00e9s da secretaria de Meio Ambiente est\u00e1 realizando mais uma campanha de RECOLHIMENTO DE LIXO ELETROELETR\u00d4NICOS. Os materiais poder\u00e3o ser entregues no Ecoponto instalado junto \u00e0 Secretaria at\u00e9 o dia 29 de outubro. O que pode e deve ser descartado? \u2705 Computadores, teclados, mouses, cabos, estabilizadores e no-brakes \u2705 [&hellip;]","og_url":"https:\/\/www.amau.com.br\/site\/severiano-de-almeida-tera-recolhimento-de-eletroeletronicos\/","og_site_name":"AMAU - Associa\u00e7\u00e3o de Munic\u00edpios do Alto Uruguai","article_publisher":"http:\/\/www.facebook.com\/amauaaltouruguai","article_published_time":"2021-10-08T19:30:12+00:00","article_modified_time":"2021-10-15T11:50:14+00:00","og_image":[{"width":581,"height":528,"url":"https:\/\/www.amau.com.br\/site\/wp-content\/uploads\/2021\/10\/WhatsApp-Image-2021-10-08-at-15.58.48.jpeg","type":"image\/jpeg"}],"author":"Severiano de Almeida","twitter_card":"summary_large_image","twitter_misc":{"Escrito por":"Severiano de Almeida","Est. tempo de leitura":"1 minuto"},"schema":{"@context":"https:\/\/schema.org","@graph":[{"@type":"Article","@id":"https:\/\/www.amau.com.br\/site\/severiano-de-almeida-tera-recolhimento-de-eletroeletronicos\/#article","isPartOf":{"@id":"https:\/\/www.amau.com.br\/site\/severiano-de-almeida-tera-recolhimento-de-eletroeletronicos\/"},"author":{"name":"Severiano de Almeida","@id":"https:\/\/www.amau.com.br\/site\/#\/schema\/person\/dfe07b1570f354b7add16f3a9fb955c5"},"headline":"Severiano de Almeida far\u00e1 recolhimento de eletroeletr\u00f4nicos","datePublished":"2021-10-08T19:30:12+00:00","dateModified":"2021-10-15T11:50:14+00:00","mainEntityOfPage":{"@id":"https:\/\/www.amau.com.br\/site\/severiano-de-almeida-tera-recolhimento-de-eletroeletronicos\/"},"wordCount":247,"commentCount":0,"publisher":{"@id":"https:\/\/www.amau.com.br\/site\/#organization"},"image":{"@id":"https:\/\/www.amau.com.br\/site\/severiano-de-almeida-tera-recolhimento-de-eletroeletronicos\/#primaryimage"},"thumbnailUrl":"https:\/\/www.amau.com.br\/site\/wp-content\/uploads\/2021\/10\/WhatsApp-Image-2021-10-08-at-15.58.48.jpeg","articleSection":["Severiano de Almeida"],"inLanguage":"pt-BR","potentialAction":[{"@type":"CommentAction","name":"Comment","target":["https:\/\/www.amau.com.br\/site\/severiano-de-almeida-tera-recolhimento-de-eletroeletronicos\/#respond"]}]},{"@type":"WebPage","@id":"https:\/\/www.amau.com.br\/site\/severiano-de-almeida-tera-recolhimento-de-eletroeletronicos\/","url":"https:\/\/www.amau.com.br\/site\/severiano-de-almeida-tera-recolhimento-de-eletroeletronicos\/","name":"Severiano de Almeida far\u00e1 recolhimento de eletroeletr\u00f4nicos - AMAU - Associa\u00e7\u00e3o de Munic\u00edpios do Alto Uruguai","isPartOf":{"@id":"https:\/\/www.amau.com.br\/site\/#website"},"primaryImageOfPage":{"@id":"https:\/\/www.amau.com.br\/site\/severiano-de-almeida-tera-recolhimento-de-eletroeletronicos\/#primaryimage"},"image":{"@id":"https:\/\/www.amau.com.br\/site\/severiano-de-almeida-tera-recolhimento-de-eletroeletronicos\/#primaryimage"},"thumbnailUrl":"https:\/\/www.amau.com.br\/site\/wp-content\/uploads\/2021\/10\/WhatsApp-Image-2021-10-08-at-15.58.48.jpeg","datePublished":"2021-10-08T19:30:12+00:00","dateModified":"2021-10-15T11:50:14+00:00","breadcrumb":{"@id":"https:\/\/www.amau.com.br\/site\/severiano-de-almeida-tera-recolhimento-de-eletroeletronicos\/#breadcrumb"},"inLanguage":"pt-BR","potentialAction":[{"@type":"ReadAction","target":["https:\/\/www.amau.com.br\/site\/severiano-de-almeida-tera-recolhimento-de-eletroeletronicos\/"]}]},{"@type":"ImageObject","inLanguage":"pt-BR","@id":"https:\/\/www.amau.com.br\/site\/severiano-de-almeida-tera-recolhimento-de-eletroeletronicos\/#primaryimage","url":"https:\/\/www.amau.com.br\/site\/wp-content\/uploads\/2021\/10\/WhatsApp-Image-2021-10-08-at-15.58.48.jpeg","contentUrl":"https:\/\/www.amau.com.br\/site\/wp-content\/uploads\/2021\/10\/WhatsApp-Image-2021-10-08-at-15.58.48.jpeg","width":581,"height":528},{"@type":"BreadcrumbList","@id":"https:\/\/www.amau.com.br\/site\/severiano-de-almeida-tera-recolhimento-de-eletroeletronicos\/#breadcrumb","itemListElement":[{"@type":"ListItem","position":1,"name":"Home","item":"https:\/\/www.amau.com.br\/site\/"},{"@type":"ListItem","position":2,"name":"Severiano de Almeida far\u00e1 recolhimento de eletroeletr\u00f4nicos"}]},{"@type":"WebSite","@id":"https:\/\/www.amau.com.br\/site\/#website","url":"https:\/\/www.amau.com.br\/site\/","name":"AMAU - Associa\u00e7\u00e3o de Munic\u00edpios do Alto Uruguai","description":"Construindo alternativas para o desenvolvimento.","publisher":{"@id":"https:\/\/www.amau.com.br\/site\/#organization"},"potentialAction":[{"@type":"SearchAction","target":{"@type":"EntryPoint","urlTemplate":"https:\/\/www.amau.com.br\/site\/?s={search_term_string}"},"query-input":{"@type":"PropertyValueSpecification","valueRequired":true,"valueName":"search_term_string"}}],"inLanguage":"pt-BR"},{"@type":"Organization","@id":"https:\/\/www.amau.com.br\/site\/#organization","name":"AMAU - Associa\u00e7\u00e3o de Munic\u00edpios do Alto Uruguai","url":"https:\/\/www.amau.com.br\/site\/","logo":{"@type":"ImageObject","inLanguage":"pt-BR","@id":"https:\/\/www.amau.com.br\/site\/#\/schema\/logo\/image\/","url":"https:\/\/www.amau.com.br\/site\/wp-content\/uploads\/2017\/04\/cropped-Amau-Logos-Site-300-1.png","contentUrl":"https:\/\/www.amau.com.br\/site\/wp-content\/uploads\/2017\/04\/cropped-Amau-Logos-Site-300-1.png","width":807,"height":221,"caption":"AMAU - Associa\u00e7\u00e3o de Munic\u00edpios do Alto Uruguai"},"image":{"@id":"https:\/\/www.amau.com.br\/site\/#\/schema\/logo\/image\/"},"sameAs":["http:\/\/www.facebook.com\/amauaaltouruguai"]},{"@type":"Person","@id":"https:\/\/www.amau.com.br\/site\/#\/schema\/person\/dfe07b1570f354b7add16f3a9fb955c5","name":"Severiano de Almeida","image":{"@type":"ImageObject","inLanguage":"pt-BR","@id":"https:\/\/www.amau.com.br\/site\/wp-content\/uploads\/2021\/08\/avatar_user_35_1630434428-96x96.jpg","url":"https:\/\/www.amau.com.br\/site\/wp-content\/uploads\/2021\/08\/avatar_user_35_1630434428-96x96.jpg","contentUrl":"https:\/\/www.amau.com.br\/site\/wp-content\/uploads\/2021\/08\/avatar_user_35_1630434428-96x96.jpg","caption":"Severiano de Almeida"},"sameAs":["amau"],"url":"https:\/\/www.amau.com.br\/site\/author\/severiano-de-almeida\/"}]}},"_links":{"self":[{"href":"https:\/\/www.amau.com.br\/site\/wp-json\/wp\/v2\/posts\/7288","targetHints":{"allow":["GET"]}}],"collection":[{"href":"https:\/\/www.amau.com.br\/site\/wp-json\/wp\/v2\/posts"}],"about":[{"href":"https:\/\/www.amau.com.br\/site\/wp-json\/wp\/v2\/types\/post"}],"author":[{"embeddable":true,"href":"https:\/\/www.amau.com.br\/site\/wp-json\/wp\/v2\/users\/35"}],"replies":[{"embeddable":true,"href":"https:\/\/www.amau.com.br\/site\/wp-json\/wp\/v2\/comments?post=7288"}],"version-history":[{"count":0,"href":"https:\/\/www.amau.com.br\/site\/wp-json\/wp\/v2\/posts\/7288\/revisions"}],"wp:featuredmedia":[{"embeddable":true,"href":"https:\/\/www.amau.com.br\/site\/wp-json\/wp\/v2\/media\/7289"}],"wp:attachment":[{"href":"https:\/\/www.amau.com.br\/site\/wp-json\/wp\/v2\/media?parent=7288"}],"wp:term":[{"taxonomy":"category","embeddable":true,"href":"https:\/\/www.amau.com.br\/site\/wp-json\/wp\/v2\/categories?post=7288"},{"taxonomy":"post_tag","embeddable":true,"href":"https:\/\/www.amau.com.br\/site\/wp-json\/wp\/v2\/tags?post=7288"}],"curies":[{"name":"wp","href":"https:\/\/api.w.org\/{rel}","templated":true}]}}