{"id":7146,"date":"2021-10-06T11:25:59","date_gmt":"2021-10-06T14:25:59","guid":{"rendered":"https:\/\/www.amau.com.br\/site\/?p=7146"},"modified":"2021-10-06T11:25:59","modified_gmt":"2021-10-06T14:25:59","slug":"projeto-incentiva-avicultores-suinocultores-e-bovinocultores-de-severiano-de-almeida","status":"publish","type":"post","link":"https:\/\/www.amau.com.br\/site\/projeto-incentiva-avicultores-suinocultores-e-bovinocultores-de-severiano-de-almeida\/","title":{"rendered":"Projeto incentiva Avicultores, suinocultores e Bovinocultores de Severiano de Almeida"},"content":{"rendered":"<p style=\"text-align: justify\">\u00c9 com grande alegria que a Administra\u00e7\u00e3o Municipal traz mais um Projeto para o Produtor Rural, buscando cada vez mais fortalecer o setor prim\u00e1rio. Dessa vez, o Projeto em quest\u00e3o tem seu foco em incentivar os avicultores, suinocultores e bovinocultores.<\/p>\n<p style=\"text-align: justify\">O incentivo ser\u00e1 concedido para todo o produtor residente em Severiano de Almeida, o projeto prev\u00ea gratuidade em terraplanagem e adequa\u00e7\u00e3o dos terrenos onde ser\u00e3o edificadas as benfeitorias, cascalhamento, tubula\u00e7\u00e3o e britagem.<\/p>\n<p style=\"text-align: justify\">O Prefeito Municipal senhor Milto Vendruscolo destaca: &#8220;Este \u00e9 mais um incentivo que estamos oferecendo para nossos produtores rurais, continuaremos trabalhando para trazer aux\u00edlios para todos os setores da agricultura de nosso munic\u00edpio. Sabemos da grande import\u00e2ncia que o setor prim\u00e1rio tem em Severiano de Almeida e faremos o poss\u00edvel para que aqueles que desejam se dedicar ao setor prim\u00e1rio tenham plenas condi\u00e7\u00f5es de trabalho&#8221;.<\/p>\n","protected":false},"excerpt":{"rendered":"<p>\u00c9 com grande alegria que a Administra\u00e7\u00e3o Municipal traz mais um Projeto para o Produtor Rural, buscando cada vez mais fortalecer o setor prim\u00e1rio. Dessa vez, o Projeto em quest\u00e3o tem seu foco em incentivar os avicultores, suinocultores e bovinocultores. O incentivo ser\u00e1 concedido para todo o produtor residente em Severiano de Almeida, o projeto [&hellip;]<\/p>\n","protected":false},"author":35,"featured_media":7147,"comment_status":"open","ping_status":"open","sticky":false,"template":"","format":"standard","meta":{"ocean_post_layout":"","ocean_both_sidebars_style":"","ocean_both_sidebars_content_width":0,"ocean_both_sidebars_sidebars_width":0,"ocean_sidebar":"","ocean_second_sidebar":"","ocean_disable_margins":"enable","ocean_add_body_class":"","ocean_shortcode_before_top_bar":"","ocean_shortcode_after_top_bar":"","ocean_shortcode_before_header":"","ocean_shortcode_after_header":"","ocean_has_shortcode":"","ocean_shortcode_after_title":"","ocean_shortcode_before_footer_widgets":"","ocean_shortcode_after_footer_widgets":"","ocean_shortcode_before_footer_bottom":"","ocean_shortcode_after_footer_bottom":"","ocean_display_top_bar":"default","ocean_display_header":"default","ocean_header_style":"","ocean_center_header_left_menu":"","ocean_custom_header_template":"","ocean_custom_logo":0,"ocean_custom_retina_logo":0,"ocean_custom_logo_max_width":0,"ocean_custom_logo_tablet_max_width":0,"ocean_custom_logo_mobile_max_width":0,"ocean_custom_logo_max_height":0,"ocean_custom_logo_tablet_max_height":0,"ocean_custom_logo_mobile_max_height":0,"ocean_header_custom_menu":"","ocean_menu_typo_font_family":"","ocean_menu_typo_font_subset":"","ocean_menu_typo_font_size":0,"ocean_menu_typo_font_size_tablet":0,"ocean_menu_typo_font_size_mobile":0,"ocean_menu_typo_font_size_unit":"px","ocean_menu_typo_font_weight":"","ocean_menu_typo_font_weight_tablet":"","ocean_menu_typo_font_weight_mobile":"","ocean_menu_typo_transform":"","ocean_menu_typo_transform_tablet":"","ocean_menu_typo_transform_mobile":"","ocean_menu_typo_line_height":0,"ocean_menu_typo_line_height_tablet":0,"ocean_menu_typo_line_height_mobile":0,"ocean_menu_typo_line_height_unit":"","ocean_menu_typo_spacing":0,"ocean_menu_typo_spacing_tablet":0,"ocean_menu_typo_spacing_mobile":0,"ocean_menu_typo_spacing_unit":"","ocean_menu_link_color":"","ocean_menu_link_color_hover":"","ocean_menu_link_color_active":"","ocean_menu_link_background":"","ocean_menu_link_hover_background":"","ocean_menu_link_active_background":"","ocean_menu_social_links_bg":"","ocean_menu_social_hover_links_bg":"","ocean_menu_social_links_color":"","ocean_menu_social_hover_links_color":"","ocean_disable_title":"default","ocean_disable_heading":"default","ocean_post_title":"","ocean_post_subheading":"","ocean_post_title_style":"","ocean_post_title_background_color":"","ocean_post_title_background":0,"ocean_post_title_bg_image_position":"","ocean_post_title_bg_image_attachment":"","ocean_post_title_bg_image_repeat":"","ocean_post_title_bg_image_size":"","ocean_post_title_height":0,"ocean_post_title_bg_overlay":0.5,"ocean_post_title_bg_overlay_color":"","ocean_disable_breadcrumbs":"default","ocean_breadcrumbs_color":"","ocean_breadcrumbs_separator_color":"","ocean_breadcrumbs_links_color":"","ocean_breadcrumbs_links_hover_color":"","ocean_display_footer_widgets":"default","ocean_display_footer_bottom":"default","ocean_custom_footer_template":"","ocean_post_oembed":"","ocean_post_self_hosted_media":"","ocean_post_video_embed":"","ocean_link_format":"","ocean_link_format_target":"self","ocean_quote_format":"","ocean_quote_format_link":"post","ocean_gallery_link_images":"off","ocean_gallery_id":[],"footnotes":""},"categories":[91],"tags":[],"class_list":["post-7146","post","type-post","status-publish","format-standard","has-post-thumbnail","hentry","category-severiano-de-almeida","entry","has-media"],"yoast_head":"<!-- This site is optimized with the Yoast SEO plugin v27.4 - https:\/\/yoast.com\/product\/yoast-seo-wordpress\/ -->\n<title>Projeto incentiva Avicultores, suinocultores e Bovinocultores de Severiano de Almeida - AMAU - Associa\u00e7\u00e3o de Munic\u00edpios do Alto Uruguai<\/title>\n<meta name=\"robots\" content=\"index, follow, max-snippet:-1, max-image-preview:large, max-video-preview:-1\" \/>\n<link rel=\"canonical\" href=\"https:\/\/www.amau.com.br\/site\/projeto-incentiva-avicultores-suinocultores-e-bovinocultores-de-severiano-de-almeida\/\" \/>\n<meta property=\"og:locale\" content=\"pt_BR\" \/>\n<meta property=\"og:type\" content=\"article\" \/>\n<meta property=\"og:title\" content=\"Projeto incentiva Avicultores, suinocultores e Bovinocultores de Severiano de Almeida - AMAU - Associa\u00e7\u00e3o de Munic\u00edpios do Alto Uruguai\" \/>\n<meta property=\"og:description\" content=\"\u00c9 com grande alegria que a Administra\u00e7\u00e3o Municipal traz mais um Projeto para o Produtor Rural, buscando cada vez mais fortalecer o setor prim\u00e1rio. Dessa vez, o Projeto em quest\u00e3o tem seu foco em incentivar os avicultores, suinocultores e bovinocultores. O incentivo ser\u00e1 concedido para todo o produtor residente em Severiano de Almeida, o projeto [&hellip;]\" \/>\n<meta property=\"og:url\" content=\"https:\/\/www.amau.com.br\/site\/projeto-incentiva-avicultores-suinocultores-e-bovinocultores-de-severiano-de-almeida\/\" \/>\n<meta property=\"og:site_name\" content=\"AMAU - Associa\u00e7\u00e3o de Munic\u00edpios do Alto Uruguai\" \/>\n<meta property=\"article:publisher\" content=\"http:\/\/www.facebook.com\/amauaaltouruguai\" \/>\n<meta property=\"article:published_time\" content=\"2021-10-06T14:25:59+00:00\" \/>\n<meta property=\"og:image\" content=\"https:\/\/www.amau.com.br\/site\/wp-content\/uploads\/2021\/10\/Sev..jpg\" \/>\n\t<meta property=\"og:image:width\" content=\"1000\" \/>\n\t<meta property=\"og:image:height\" content=\"561\" \/>\n\t<meta property=\"og:image:type\" content=\"image\/jpeg\" \/>\n<meta name=\"author\" content=\"Severiano de Almeida\" \/>\n<meta name=\"twitter:card\" content=\"summary_large_image\" \/>\n<meta name=\"twitter:label1\" content=\"Escrito por\" \/>\n\t<meta name=\"twitter:data1\" content=\"Severiano de Almeida\" \/>\n\t<meta name=\"twitter:label2\" content=\"Est. tempo de leitura\" \/>\n\t<meta name=\"twitter:data2\" content=\"1 minuto\" \/>\n<script type=\"application\/ld+json\" class=\"yoast-schema-graph\">{\"@context\":\"https:\\\/\\\/schema.org\",\"@graph\":[{\"@type\":\"Article\",\"@id\":\"https:\\\/\\\/www.amau.com.br\\\/site\\\/projeto-incentiva-avicultores-suinocultores-e-bovinocultores-de-severiano-de-almeida\\\/#article\",\"isPartOf\":{\"@id\":\"https:\\\/\\\/www.amau.com.br\\\/site\\\/projeto-incentiva-avicultores-suinocultores-e-bovinocultores-de-severiano-de-almeida\\\/\"},\"author\":{\"name\":\"Severiano de Almeida\",\"@id\":\"https:\\\/\\\/www.amau.com.br\\\/site\\\/#\\\/schema\\\/person\\\/dfe07b1570f354b7add16f3a9fb955c5\"},\"headline\":\"Projeto incentiva Avicultores, suinocultores e Bovinocultores de Severiano de Almeida\",\"datePublished\":\"2021-10-06T14:25:59+00:00\",\"mainEntityOfPage\":{\"@id\":\"https:\\\/\\\/www.amau.com.br\\\/site\\\/projeto-incentiva-avicultores-suinocultores-e-bovinocultores-de-severiano-de-almeida\\\/\"},\"wordCount\":158,\"commentCount\":0,\"publisher\":{\"@id\":\"https:\\\/\\\/www.amau.com.br\\\/site\\\/#organization\"},\"image\":{\"@id\":\"https:\\\/\\\/www.amau.com.br\\\/site\\\/projeto-incentiva-avicultores-suinocultores-e-bovinocultores-de-severiano-de-almeida\\\/#primaryimage\"},\"thumbnailUrl\":\"https:\\\/\\\/www.amau.com.br\\\/site\\\/wp-content\\\/uploads\\\/2021\\\/10\\\/Sev..jpg\",\"articleSection\":[\"Severiano de Almeida\"],\"inLanguage\":\"pt-BR\",\"potentialAction\":[{\"@type\":\"CommentAction\",\"name\":\"Comment\",\"target\":[\"https:\\\/\\\/www.amau.com.br\\\/site\\\/projeto-incentiva-avicultores-suinocultores-e-bovinocultores-de-severiano-de-almeida\\\/#respond\"]}]},{\"@type\":\"WebPage\",\"@id\":\"https:\\\/\\\/www.amau.com.br\\\/site\\\/projeto-incentiva-avicultores-suinocultores-e-bovinocultores-de-severiano-de-almeida\\\/\",\"url\":\"https:\\\/\\\/www.amau.com.br\\\/site\\\/projeto-incentiva-avicultores-suinocultores-e-bovinocultores-de-severiano-de-almeida\\\/\",\"name\":\"Projeto incentiva Avicultores, suinocultores e Bovinocultores de Severiano de Almeida - AMAU - Associa\u00e7\u00e3o de Munic\u00edpios do Alto Uruguai\",\"isPartOf\":{\"@id\":\"https:\\\/\\\/www.amau.com.br\\\/site\\\/#website\"},\"primaryImageOfPage\":{\"@id\":\"https:\\\/\\\/www.amau.com.br\\\/site\\\/projeto-incentiva-avicultores-suinocultores-e-bovinocultores-de-severiano-de-almeida\\\/#primaryimage\"},\"image\":{\"@id\":\"https:\\\/\\\/www.amau.com.br\\\/site\\\/projeto-incentiva-avicultores-suinocultores-e-bovinocultores-de-severiano-de-almeida\\\/#primaryimage\"},\"thumbnailUrl\":\"https:\\\/\\\/www.amau.com.br\\\/site\\\/wp-content\\\/uploads\\\/2021\\\/10\\\/Sev..jpg\",\"datePublished\":\"2021-10-06T14:25:59+00:00\",\"breadcrumb\":{\"@id\":\"https:\\\/\\\/www.amau.com.br\\\/site\\\/projeto-incentiva-avicultores-suinocultores-e-bovinocultores-de-severiano-de-almeida\\\/#breadcrumb\"},\"inLanguage\":\"pt-BR\",\"potentialAction\":[{\"@type\":\"ReadAction\",\"target\":[\"https:\\\/\\\/www.amau.com.br\\\/site\\\/projeto-incentiva-avicultores-suinocultores-e-bovinocultores-de-severiano-de-almeida\\\/\"]}]},{\"@type\":\"ImageObject\",\"inLanguage\":\"pt-BR\",\"@id\":\"https:\\\/\\\/www.amau.com.br\\\/site\\\/projeto-incentiva-avicultores-suinocultores-e-bovinocultores-de-severiano-de-almeida\\\/#primaryimage\",\"url\":\"https:\\\/\\\/www.amau.com.br\\\/site\\\/wp-content\\\/uploads\\\/2021\\\/10\\\/Sev..jpg\",\"contentUrl\":\"https:\\\/\\\/www.amau.com.br\\\/site\\\/wp-content\\\/uploads\\\/2021\\\/10\\\/Sev..jpg\",\"width\":1000,\"height\":561},{\"@type\":\"BreadcrumbList\",\"@id\":\"https:\\\/\\\/www.amau.com.br\\\/site\\\/projeto-incentiva-avicultores-suinocultores-e-bovinocultores-de-severiano-de-almeida\\\/#breadcrumb\",\"itemListElement\":[{\"@type\":\"ListItem\",\"position\":1,\"name\":\"Home\",\"item\":\"https:\\\/\\\/www.amau.com.br\\\/site\\\/\"},{\"@type\":\"ListItem\",\"position\":2,\"name\":\"Projeto incentiva Avicultores, suinocultores e Bovinocultores de Severiano de Almeida\"}]},{\"@type\":\"WebSite\",\"@id\":\"https:\\\/\\\/www.amau.com.br\\\/site\\\/#website\",\"url\":\"https:\\\/\\\/www.amau.com.br\\\/site\\\/\",\"name\":\"AMAU - Associa\u00e7\u00e3o de Munic\u00edpios do Alto Uruguai\",\"description\":\"Construindo alternativas para o desenvolvimento.\",\"publisher\":{\"@id\":\"https:\\\/\\\/www.amau.com.br\\\/site\\\/#organization\"},\"potentialAction\":[{\"@type\":\"SearchAction\",\"target\":{\"@type\":\"EntryPoint\",\"urlTemplate\":\"https:\\\/\\\/www.amau.com.br\\\/site\\\/?s={search_term_string}\"},\"query-input\":{\"@type\":\"PropertyValueSpecification\",\"valueRequired\":true,\"valueName\":\"search_term_string\"}}],\"inLanguage\":\"pt-BR\"},{\"@type\":\"Organization\",\"@id\":\"https:\\\/\\\/www.amau.com.br\\\/site\\\/#organization\",\"name\":\"AMAU - Associa\u00e7\u00e3o de Munic\u00edpios do Alto Uruguai\",\"url\":\"https:\\\/\\\/www.amau.com.br\\\/site\\\/\",\"logo\":{\"@type\":\"ImageObject\",\"inLanguage\":\"pt-BR\",\"@id\":\"https:\\\/\\\/www.amau.com.br\\\/site\\\/#\\\/schema\\\/logo\\\/image\\\/\",\"url\":\"https:\\\/\\\/www.amau.com.br\\\/site\\\/wp-content\\\/uploads\\\/2017\\\/04\\\/cropped-Amau-Logos-Site-300-1.png\",\"contentUrl\":\"https:\\\/\\\/www.amau.com.br\\\/site\\\/wp-content\\\/uploads\\\/2017\\\/04\\\/cropped-Amau-Logos-Site-300-1.png\",\"width\":807,\"height\":221,\"caption\":\"AMAU - Associa\u00e7\u00e3o de Munic\u00edpios do Alto Uruguai\"},\"image\":{\"@id\":\"https:\\\/\\\/www.amau.com.br\\\/site\\\/#\\\/schema\\\/logo\\\/image\\\/\"},\"sameAs\":[\"http:\\\/\\\/www.facebook.com\\\/amauaaltouruguai\"]},{\"@type\":\"Person\",\"@id\":\"https:\\\/\\\/www.amau.com.br\\\/site\\\/#\\\/schema\\\/person\\\/dfe07b1570f354b7add16f3a9fb955c5\",\"name\":\"Severiano de Almeida\",\"image\":{\"@type\":\"ImageObject\",\"inLanguage\":\"pt-BR\",\"@id\":\"https:\\\/\\\/www.amau.com.br\\\/site\\\/wp-content\\\/uploads\\\/2021\\\/08\\\/avatar_user_35_1630434428-96x96.jpg\",\"url\":\"https:\\\/\\\/www.amau.com.br\\\/site\\\/wp-content\\\/uploads\\\/2021\\\/08\\\/avatar_user_35_1630434428-96x96.jpg\",\"contentUrl\":\"https:\\\/\\\/www.amau.com.br\\\/site\\\/wp-content\\\/uploads\\\/2021\\\/08\\\/avatar_user_35_1630434428-96x96.jpg\",\"caption\":\"Severiano de Almeida\"},\"sameAs\":[\"amau\"],\"url\":\"https:\\\/\\\/www.amau.com.br\\\/site\\\/author\\\/severiano-de-almeida\\\/\"}]}<\/script>\n<!-- \/ Yoast SEO plugin. -->","yoast_head_json":{"title":"Projeto incentiva Avicultores, suinocultores e Bovinocultores de Severiano de Almeida - AMAU - Associa\u00e7\u00e3o de Munic\u00edpios do Alto Uruguai","robots":{"index":"index","follow":"follow","max-snippet":"max-snippet:-1","max-image-preview":"max-image-preview:large","max-video-preview":"max-video-preview:-1"},"canonical":"https:\/\/www.amau.com.br\/site\/projeto-incentiva-avicultores-suinocultores-e-bovinocultores-de-severiano-de-almeida\/","og_locale":"pt_BR","og_type":"article","og_title":"Projeto incentiva Avicultores, suinocultores e Bovinocultores de Severiano de Almeida - AMAU - Associa\u00e7\u00e3o de Munic\u00edpios do Alto Uruguai","og_description":"\u00c9 com grande alegria que a Administra\u00e7\u00e3o Municipal traz mais um Projeto para o Produtor Rural, buscando cada vez mais fortalecer o setor prim\u00e1rio. Dessa vez, o Projeto em quest\u00e3o tem seu foco em incentivar os avicultores, suinocultores e bovinocultores. O incentivo ser\u00e1 concedido para todo o produtor residente em Severiano de Almeida, o projeto [&hellip;]","og_url":"https:\/\/www.amau.com.br\/site\/projeto-incentiva-avicultores-suinocultores-e-bovinocultores-de-severiano-de-almeida\/","og_site_name":"AMAU - Associa\u00e7\u00e3o de Munic\u00edpios do Alto Uruguai","article_publisher":"http:\/\/www.facebook.com\/amauaaltouruguai","article_published_time":"2021-10-06T14:25:59+00:00","og_image":[{"width":1000,"height":561,"url":"https:\/\/www.amau.com.br\/site\/wp-content\/uploads\/2021\/10\/Sev..jpg","type":"image\/jpeg"}],"author":"Severiano de Almeida","twitter_card":"summary_large_image","twitter_misc":{"Escrito por":"Severiano de Almeida","Est. tempo de leitura":"1 minuto"},"schema":{"@context":"https:\/\/schema.org","@graph":[{"@type":"Article","@id":"https:\/\/www.amau.com.br\/site\/projeto-incentiva-avicultores-suinocultores-e-bovinocultores-de-severiano-de-almeida\/#article","isPartOf":{"@id":"https:\/\/www.amau.com.br\/site\/projeto-incentiva-avicultores-suinocultores-e-bovinocultores-de-severiano-de-almeida\/"},"author":{"name":"Severiano de Almeida","@id":"https:\/\/www.amau.com.br\/site\/#\/schema\/person\/dfe07b1570f354b7add16f3a9fb955c5"},"headline":"Projeto incentiva Avicultores, suinocultores e Bovinocultores de Severiano de Almeida","datePublished":"2021-10-06T14:25:59+00:00","mainEntityOfPage":{"@id":"https:\/\/www.amau.com.br\/site\/projeto-incentiva-avicultores-suinocultores-e-bovinocultores-de-severiano-de-almeida\/"},"wordCount":158,"commentCount":0,"publisher":{"@id":"https:\/\/www.amau.com.br\/site\/#organization"},"image":{"@id":"https:\/\/www.amau.com.br\/site\/projeto-incentiva-avicultores-suinocultores-e-bovinocultores-de-severiano-de-almeida\/#primaryimage"},"thumbnailUrl":"https:\/\/www.amau.com.br\/site\/wp-content\/uploads\/2021\/10\/Sev..jpg","articleSection":["Severiano de Almeida"],"inLanguage":"pt-BR","potentialAction":[{"@type":"CommentAction","name":"Comment","target":["https:\/\/www.amau.com.br\/site\/projeto-incentiva-avicultores-suinocultores-e-bovinocultores-de-severiano-de-almeida\/#respond"]}]},{"@type":"WebPage","@id":"https:\/\/www.amau.com.br\/site\/projeto-incentiva-avicultores-suinocultores-e-bovinocultores-de-severiano-de-almeida\/","url":"https:\/\/www.amau.com.br\/site\/projeto-incentiva-avicultores-suinocultores-e-bovinocultores-de-severiano-de-almeida\/","name":"Projeto incentiva Avicultores, suinocultores e Bovinocultores de Severiano de Almeida - AMAU - Associa\u00e7\u00e3o de Munic\u00edpios do Alto Uruguai","isPartOf":{"@id":"https:\/\/www.amau.com.br\/site\/#website"},"primaryImageOfPage":{"@id":"https:\/\/www.amau.com.br\/site\/projeto-incentiva-avicultores-suinocultores-e-bovinocultores-de-severiano-de-almeida\/#primaryimage"},"image":{"@id":"https:\/\/www.amau.com.br\/site\/projeto-incentiva-avicultores-suinocultores-e-bovinocultores-de-severiano-de-almeida\/#primaryimage"},"thumbnailUrl":"https:\/\/www.amau.com.br\/site\/wp-content\/uploads\/2021\/10\/Sev..jpg","datePublished":"2021-10-06T14:25:59+00:00","breadcrumb":{"@id":"https:\/\/www.amau.com.br\/site\/projeto-incentiva-avicultores-suinocultores-e-bovinocultores-de-severiano-de-almeida\/#breadcrumb"},"inLanguage":"pt-BR","potentialAction":[{"@type":"ReadAction","target":["https:\/\/www.amau.com.br\/site\/projeto-incentiva-avicultores-suinocultores-e-bovinocultores-de-severiano-de-almeida\/"]}]},{"@type":"ImageObject","inLanguage":"pt-BR","@id":"https:\/\/www.amau.com.br\/site\/projeto-incentiva-avicultores-suinocultores-e-bovinocultores-de-severiano-de-almeida\/#primaryimage","url":"https:\/\/www.amau.com.br\/site\/wp-content\/uploads\/2021\/10\/Sev..jpg","contentUrl":"https:\/\/www.amau.com.br\/site\/wp-content\/uploads\/2021\/10\/Sev..jpg","width":1000,"height":561},{"@type":"BreadcrumbList","@id":"https:\/\/www.amau.com.br\/site\/projeto-incentiva-avicultores-suinocultores-e-bovinocultores-de-severiano-de-almeida\/#breadcrumb","itemListElement":[{"@type":"ListItem","position":1,"name":"Home","item":"https:\/\/www.amau.com.br\/site\/"},{"@type":"ListItem","position":2,"name":"Projeto incentiva Avicultores, suinocultores e Bovinocultores de Severiano de Almeida"}]},{"@type":"WebSite","@id":"https:\/\/www.amau.com.br\/site\/#website","url":"https:\/\/www.amau.com.br\/site\/","name":"AMAU - Associa\u00e7\u00e3o de Munic\u00edpios do Alto Uruguai","description":"Construindo alternativas para o desenvolvimento.","publisher":{"@id":"https:\/\/www.amau.com.br\/site\/#organization"},"potentialAction":[{"@type":"SearchAction","target":{"@type":"EntryPoint","urlTemplate":"https:\/\/www.amau.com.br\/site\/?s={search_term_string}"},"query-input":{"@type":"PropertyValueSpecification","valueRequired":true,"valueName":"search_term_string"}}],"inLanguage":"pt-BR"},{"@type":"Organization","@id":"https:\/\/www.amau.com.br\/site\/#organization","name":"AMAU - Associa\u00e7\u00e3o de Munic\u00edpios do Alto Uruguai","url":"https:\/\/www.amau.com.br\/site\/","logo":{"@type":"ImageObject","inLanguage":"pt-BR","@id":"https:\/\/www.amau.com.br\/site\/#\/schema\/logo\/image\/","url":"https:\/\/www.amau.com.br\/site\/wp-content\/uploads\/2017\/04\/cropped-Amau-Logos-Site-300-1.png","contentUrl":"https:\/\/www.amau.com.br\/site\/wp-content\/uploads\/2017\/04\/cropped-Amau-Logos-Site-300-1.png","width":807,"height":221,"caption":"AMAU - Associa\u00e7\u00e3o de Munic\u00edpios do Alto Uruguai"},"image":{"@id":"https:\/\/www.amau.com.br\/site\/#\/schema\/logo\/image\/"},"sameAs":["http:\/\/www.facebook.com\/amauaaltouruguai"]},{"@type":"Person","@id":"https:\/\/www.amau.com.br\/site\/#\/schema\/person\/dfe07b1570f354b7add16f3a9fb955c5","name":"Severiano de Almeida","image":{"@type":"ImageObject","inLanguage":"pt-BR","@id":"https:\/\/www.amau.com.br\/site\/wp-content\/uploads\/2021\/08\/avatar_user_35_1630434428-96x96.jpg","url":"https:\/\/www.amau.com.br\/site\/wp-content\/uploads\/2021\/08\/avatar_user_35_1630434428-96x96.jpg","contentUrl":"https:\/\/www.amau.com.br\/site\/wp-content\/uploads\/2021\/08\/avatar_user_35_1630434428-96x96.jpg","caption":"Severiano de Almeida"},"sameAs":["amau"],"url":"https:\/\/www.amau.com.br\/site\/author\/severiano-de-almeida\/"}]}},"_links":{"self":[{"href":"https:\/\/www.amau.com.br\/site\/wp-json\/wp\/v2\/posts\/7146","targetHints":{"allow":["GET"]}}],"collection":[{"href":"https:\/\/www.amau.com.br\/site\/wp-json\/wp\/v2\/posts"}],"about":[{"href":"https:\/\/www.amau.com.br\/site\/wp-json\/wp\/v2\/types\/post"}],"author":[{"embeddable":true,"href":"https:\/\/www.amau.com.br\/site\/wp-json\/wp\/v2\/users\/35"}],"replies":[{"embeddable":true,"href":"https:\/\/www.amau.com.br\/site\/wp-json\/wp\/v2\/comments?post=7146"}],"version-history":[{"count":0,"href":"https:\/\/www.amau.com.br\/site\/wp-json\/wp\/v2\/posts\/7146\/revisions"}],"wp:featuredmedia":[{"embeddable":true,"href":"https:\/\/www.amau.com.br\/site\/wp-json\/wp\/v2\/media\/7147"}],"wp:attachment":[{"href":"https:\/\/www.amau.com.br\/site\/wp-json\/wp\/v2\/media?parent=7146"}],"wp:term":[{"taxonomy":"category","embeddable":true,"href":"https:\/\/www.amau.com.br\/site\/wp-json\/wp\/v2\/categories?post=7146"},{"taxonomy":"post_tag","embeddable":true,"href":"https:\/\/www.amau.com.br\/site\/wp-json\/wp\/v2\/tags?post=7146"}],"curies":[{"name":"wp","href":"https:\/\/api.w.org\/{rel}","templated":true}]}}