{"id":17742,"date":"2026-04-27T10:27:40","date_gmt":"2026-04-27T13:27:40","guid":{"rendered":"https:\/\/www.amau.com.br\/site\/?p=17742"},"modified":"2026-04-27T10:27:40","modified_gmt":"2026-04-27T13:27:40","slug":"presidente-da-amau-destaca-uniao-regional-e-desafios-do-comercio-durante-posse-do-sindilojas","status":"publish","type":"post","link":"https:\/\/www.amau.com.br\/site\/presidente-da-amau-destaca-uniao-regional-e-desafios-do-comercio-durante-posse-do-sindilojas\/","title":{"rendered":"Presidente da AMAU destaca uni\u00e3o regional e desafios do com\u00e9rcio durante posse do Sindilojas"},"content":{"rendered":"<p>Durante a cerim\u00f4nia de posse da nova diretoria do Sindilojas Erechim, na noite da \u00faltima sexta-feira, 24, que reconduziu Jos\u00e9 Gelso Miola a presid\u00eancia e anunciado como 1\u00ba vice-presidente do Sistema Fecom\u00e9rcio-RS\/Sesc\/Senac e IFEP para a gest\u00e3o 2026-2030, o presidente da AMAU e prefeito de Centen\u00e1rio, Genoir Florek (Neninho), ressaltou a import\u00e2ncia da organiza\u00e7\u00e3o das entidades e da atua\u00e7\u00e3o conjunta para o fortalecimento do com\u00e9rcio e do desenvolvimento regional.<\/p>\n<p>Representando os 32 prefeitos da regi\u00e3o do Alto Uruguai, Florek saudou autoridades, lideran\u00e7as e representantes do setor, destacando o papel das entidades na constru\u00e7\u00e3o de solu\u00e7\u00f5es integradas. Em sua fala, enfatizou a atua\u00e7\u00e3o do presidente do Sindilojas, Jos\u00e9 Gelso Miola, e da diretoria, especialmente na articula\u00e7\u00e3o de pautas que envolvem infraestrutura, sa\u00fade e educa\u00e7\u00e3o.<\/p>\n<p>O presidente da AMAU tamb\u00e9m chamou aten\u00e7\u00e3o para os desafios enfrentados pelo com\u00e9rcio local, como as mudan\u00e7as nas rela\u00e7\u00f5es de trabalho, incluindo a possibilidade de altera\u00e7\u00f5es na escala 6&#215;1, e o avan\u00e7o da concorr\u00eancia global por meio do com\u00e9rcio eletr\u00f4nico. Segundo ele, esse cen\u00e1rio exige planejamento estrat\u00e9gico e uni\u00e3o entre as lideran\u00e7as regionais.<\/p>\n<p>Florek destacou ainda a import\u00e2ncia da vis\u00e3o ampla das entidades, que devem considerar diferentes setores da economia, como agroneg\u00f3cio, ind\u00fastria, com\u00e9rcio e educa\u00e7\u00e3o, como forma de promover o desenvolvimento sustent\u00e1vel da regi\u00e3o.<\/p>\n<p>No campo da infraestrutura, mencionou investimentos e projetos em rodovias e acessos regionais, fundamentais para a integra\u00e7\u00e3o econ\u00f4mica e log\u00edstica do Alto Uruguai. Ele refor\u00e7ou que essas melhorias impactam diretamente no crescimento do com\u00e9rcio e na competitividade regional.<\/p>\n<p>O presidente da AMAU tamb\u00e9m anunciou que est\u00e1 prevista, nos pr\u00f3ximos dias, uma reuni\u00e3o com entidades como o Sindilojas e demais organiza\u00e7\u00f5es para alinhar estrat\u00e9gias e planejar a\u00e7\u00f5es conjuntas. O encontro dever\u00e1 envolver lideran\u00e7as locais e regionais, com foco no enfrentamento dos desafios atuais e futuros.<\/p>\n<p>Outro ponto destacado foi o avan\u00e7o na estrutura\u00e7\u00e3o institucional da AMAU, que dever\u00e1 construir sua sede pr\u00f3pria em Erechim, em parceria com a CIRAU (Cons\u00f3rcio P\u00fablico Intermunicipal da Regi\u00e3o do Alto Uruguai), numa \u00e1rea a ser doada pela prefeitura de Erechim, atrav\u00e9s do prefeito do Polis. O projeto est\u00e1 na pauta da C\u00e2mara de Vereadores para aprecia\u00e7\u00e3o dos parlamentares.<\/p>\n<p>Ao final, Florek reiterou o compromisso das lideran\u00e7as regionais em trabalhar de forma integrada para impulsionar o com\u00e9rcio e promover o desenvolvimento do Alto Uruguai, parabenizando a nova diretoria do Sindilojas e desejando sucesso na gest\u00e3o.<\/p>\n<p><img fetchpriority=\"high\" decoding=\"async\" class=\"alignnone size-medium wp-image-17739\" src=\"https:\/\/www.amau.com.br\/site\/wp-content\/uploads\/2026\/04\/2-300x200.jpg\" alt=\"\" width=\"300\" height=\"200\" srcset=\"https:\/\/www.amau.com.br\/site\/wp-content\/uploads\/2026\/04\/2-300x200.jpg 300w, https:\/\/www.amau.com.br\/site\/wp-content\/uploads\/2026\/04\/2-1024x684.jpg 1024w, https:\/\/www.amau.com.br\/site\/wp-content\/uploads\/2026\/04\/2-768x513.jpg 768w, https:\/\/www.amau.com.br\/site\/wp-content\/uploads\/2026\/04\/2-1536x1025.jpg 1536w, https:\/\/www.amau.com.br\/site\/wp-content\/uploads\/2026\/04\/2-scaled.jpg 2048w\" sizes=\"(max-width: 300px) 100vw, 300px\" \/><\/p>\n<p><strong>Foto Elsa\u00a0<\/strong><\/p>\n","protected":false},"excerpt":{"rendered":"<p>Durante a cerim\u00f4nia de posse da nova diretoria do Sindilojas Erechim, na noite da \u00faltima sexta-feira, 24, que reconduziu Jos\u00e9 Gelso Miola a presid\u00eancia e anunciado como 1\u00ba vice-presidente do Sistema Fecom\u00e9rcio-RS\/Sesc\/Senac e IFEP para a gest\u00e3o 2026-2030, o presidente da AMAU e prefeito de Centen\u00e1rio, Genoir Florek (Neninho), ressaltou a import\u00e2ncia da organiza\u00e7\u00e3o das [&hellip;]<\/p>\n","protected":false},"author":42,"featured_media":17741,"comment_status":"open","ping_status":"open","sticky":false,"template":"","format":"standard","meta":{"ocean_post_layout":"","ocean_both_sidebars_style":"","ocean_both_sidebars_content_width":0,"ocean_both_sidebars_sidebars_width":0,"ocean_sidebar":"","ocean_second_sidebar":"","ocean_disable_margins":"enable","ocean_add_body_class":"","ocean_shortcode_before_top_bar":"","ocean_shortcode_after_top_bar":"","ocean_shortcode_before_header":"","ocean_shortcode_after_header":"","ocean_has_shortcode":"","ocean_shortcode_after_title":"","ocean_shortcode_before_footer_widgets":"","ocean_shortcode_after_footer_widgets":"","ocean_shortcode_before_footer_bottom":"","ocean_shortcode_after_footer_bottom":"","ocean_display_top_bar":"default","ocean_display_header":"default","ocean_header_style":"","ocean_center_header_left_menu":"","ocean_custom_header_template":"","ocean_custom_logo":0,"ocean_custom_retina_logo":0,"ocean_custom_logo_max_width":0,"ocean_custom_logo_tablet_max_width":0,"ocean_custom_logo_mobile_max_width":0,"ocean_custom_logo_max_height":0,"ocean_custom_logo_tablet_max_height":0,"ocean_custom_logo_mobile_max_height":0,"ocean_header_custom_menu":"","ocean_menu_typo_font_family":"","ocean_menu_typo_font_subset":"","ocean_menu_typo_font_size":0,"ocean_menu_typo_font_size_tablet":0,"ocean_menu_typo_font_size_mobile":0,"ocean_menu_typo_font_size_unit":"px","ocean_menu_typo_font_weight":"","ocean_menu_typo_font_weight_tablet":"","ocean_menu_typo_font_weight_mobile":"","ocean_menu_typo_transform":"","ocean_menu_typo_transform_tablet":"","ocean_menu_typo_transform_mobile":"","ocean_menu_typo_line_height":0,"ocean_menu_typo_line_height_tablet":0,"ocean_menu_typo_line_height_mobile":0,"ocean_menu_typo_line_height_unit":"","ocean_menu_typo_spacing":0,"ocean_menu_typo_spacing_tablet":0,"ocean_menu_typo_spacing_mobile":0,"ocean_menu_typo_spacing_unit":"","ocean_menu_link_color":"","ocean_menu_link_color_hover":"","ocean_menu_link_color_active":"","ocean_menu_link_background":"","ocean_menu_link_hover_background":"","ocean_menu_link_active_background":"","ocean_menu_social_links_bg":"","ocean_menu_social_hover_links_bg":"","ocean_menu_social_links_color":"","ocean_menu_social_hover_links_color":"","ocean_disable_title":"default","ocean_disable_heading":"default","ocean_post_title":"","ocean_post_subheading":"","ocean_post_title_style":"","ocean_post_title_background_color":"","ocean_post_title_background":0,"ocean_post_title_bg_image_position":"","ocean_post_title_bg_image_attachment":"","ocean_post_title_bg_image_repeat":"","ocean_post_title_bg_image_size":"","ocean_post_title_height":0,"ocean_post_title_bg_overlay":0.5,"ocean_post_title_bg_overlay_color":"","ocean_disable_breadcrumbs":"default","ocean_breadcrumbs_color":"","ocean_breadcrumbs_separator_color":"","ocean_breadcrumbs_links_color":"","ocean_breadcrumbs_links_hover_color":"","ocean_display_footer_widgets":"default","ocean_display_footer_bottom":"default","ocean_custom_footer_template":"","ocean_post_oembed":"","ocean_post_self_hosted_media":"","ocean_post_video_embed":"","ocean_link_format":"","ocean_link_format_target":"self","ocean_quote_format":"","ocean_quote_format_link":"post","ocean_gallery_link_images":"on","ocean_gallery_id":[],"footnotes":""},"categories":[5],"tags":[],"class_list":["post-17742","post","type-post","status-publish","format-standard","has-post-thumbnail","hentry","category-noticias","entry","has-media"],"yoast_head":"<!-- This site is optimized with the Yoast SEO plugin v27.4 - https:\/\/yoast.com\/product\/yoast-seo-wordpress\/ -->\n<title>Presidente da AMAU destaca uni\u00e3o regional e desafios do com\u00e9rcio durante posse do Sindilojas - AMAU - Associa\u00e7\u00e3o de Munic\u00edpios do Alto Uruguai<\/title>\n<meta name=\"robots\" content=\"index, follow, max-snippet:-1, max-image-preview:large, max-video-preview:-1\" \/>\n<link rel=\"canonical\" href=\"https:\/\/www.amau.com.br\/site\/presidente-da-amau-destaca-uniao-regional-e-desafios-do-comercio-durante-posse-do-sindilojas\/\" \/>\n<meta property=\"og:locale\" content=\"pt_BR\" \/>\n<meta property=\"og:type\" content=\"article\" \/>\n<meta property=\"og:title\" content=\"Presidente da AMAU destaca uni\u00e3o regional e desafios do com\u00e9rcio durante posse do Sindilojas - AMAU - Associa\u00e7\u00e3o de Munic\u00edpios do Alto Uruguai\" \/>\n<meta property=\"og:description\" content=\"Durante a cerim\u00f4nia de posse da nova diretoria do Sindilojas Erechim, na noite da \u00faltima sexta-feira, 24, que reconduziu Jos\u00e9 Gelso Miola a presid\u00eancia e anunciado como 1\u00ba vice-presidente do Sistema Fecom\u00e9rcio-RS\/Sesc\/Senac e IFEP para a gest\u00e3o 2026-2030, o presidente da AMAU e prefeito de Centen\u00e1rio, Genoir Florek (Neninho), ressaltou a import\u00e2ncia da organiza\u00e7\u00e3o das [&hellip;]\" \/>\n<meta property=\"og:url\" content=\"https:\/\/www.amau.com.br\/site\/presidente-da-amau-destaca-uniao-regional-e-desafios-do-comercio-durante-posse-do-sindilojas\/\" \/>\n<meta property=\"og:site_name\" content=\"AMAU - Associa\u00e7\u00e3o de Munic\u00edpios do Alto Uruguai\" \/>\n<meta property=\"article:publisher\" content=\"http:\/\/www.facebook.com\/amauaaltouruguai\" \/>\n<meta property=\"article:published_time\" content=\"2026-04-27T13:27:40+00:00\" \/>\n<meta property=\"og:image\" content=\"https:\/\/www.amau.com.br\/site\/wp-content\/uploads\/2026\/04\/bebd4e14-ea7a-4afd-99a5-55b6195861e4.jpg\" \/>\n\t<meta property=\"og:image:width\" content=\"1600\" \/>\n\t<meta property=\"og:image:height\" content=\"1068\" \/>\n\t<meta property=\"og:image:type\" content=\"image\/jpeg\" \/>\n<meta name=\"author\" content=\"Rodrigo Finardi\" \/>\n<meta name=\"twitter:card\" content=\"summary_large_image\" \/>\n<meta name=\"twitter:label1\" content=\"Escrito por\" \/>\n\t<meta name=\"twitter:data1\" content=\"Rodrigo Finardi\" \/>\n\t<meta name=\"twitter:label2\" content=\"Est. tempo de leitura\" \/>\n\t<meta name=\"twitter:data2\" content=\"3 minutos\" \/>\n<script type=\"application\/ld+json\" class=\"yoast-schema-graph\">{\"@context\":\"https:\\\/\\\/schema.org\",\"@graph\":[{\"@type\":\"Article\",\"@id\":\"https:\\\/\\\/www.amau.com.br\\\/site\\\/presidente-da-amau-destaca-uniao-regional-e-desafios-do-comercio-durante-posse-do-sindilojas\\\/#article\",\"isPartOf\":{\"@id\":\"https:\\\/\\\/www.amau.com.br\\\/site\\\/presidente-da-amau-destaca-uniao-regional-e-desafios-do-comercio-durante-posse-do-sindilojas\\\/\"},\"author\":{\"name\":\"Rodrigo Finardi\",\"@id\":\"https:\\\/\\\/www.amau.com.br\\\/site\\\/#\\\/schema\\\/person\\\/710642c7561862e3b2802cd86152377a\"},\"headline\":\"Presidente da AMAU destaca uni\u00e3o regional e desafios do com\u00e9rcio durante posse do Sindilojas\",\"datePublished\":\"2026-04-27T13:27:40+00:00\",\"mainEntityOfPage\":{\"@id\":\"https:\\\/\\\/www.amau.com.br\\\/site\\\/presidente-da-amau-destaca-uniao-regional-e-desafios-do-comercio-durante-posse-do-sindilojas\\\/\"},\"wordCount\":467,\"commentCount\":0,\"publisher\":{\"@id\":\"https:\\\/\\\/www.amau.com.br\\\/site\\\/#organization\"},\"image\":{\"@id\":\"https:\\\/\\\/www.amau.com.br\\\/site\\\/presidente-da-amau-destaca-uniao-regional-e-desafios-do-comercio-durante-posse-do-sindilojas\\\/#primaryimage\"},\"thumbnailUrl\":\"https:\\\/\\\/www.amau.com.br\\\/site\\\/wp-content\\\/uploads\\\/2026\\\/04\\\/bebd4e14-ea7a-4afd-99a5-55b6195861e4.jpg\",\"articleSection\":[\"Not\u00edcias\"],\"inLanguage\":\"pt-BR\",\"potentialAction\":[{\"@type\":\"CommentAction\",\"name\":\"Comment\",\"target\":[\"https:\\\/\\\/www.amau.com.br\\\/site\\\/presidente-da-amau-destaca-uniao-regional-e-desafios-do-comercio-durante-posse-do-sindilojas\\\/#respond\"]}]},{\"@type\":\"WebPage\",\"@id\":\"https:\\\/\\\/www.amau.com.br\\\/site\\\/presidente-da-amau-destaca-uniao-regional-e-desafios-do-comercio-durante-posse-do-sindilojas\\\/\",\"url\":\"https:\\\/\\\/www.amau.com.br\\\/site\\\/presidente-da-amau-destaca-uniao-regional-e-desafios-do-comercio-durante-posse-do-sindilojas\\\/\",\"name\":\"Presidente da AMAU destaca uni\u00e3o regional e desafios do com\u00e9rcio durante posse do Sindilojas - AMAU - Associa\u00e7\u00e3o de Munic\u00edpios do Alto Uruguai\",\"isPartOf\":{\"@id\":\"https:\\\/\\\/www.amau.com.br\\\/site\\\/#website\"},\"primaryImageOfPage\":{\"@id\":\"https:\\\/\\\/www.amau.com.br\\\/site\\\/presidente-da-amau-destaca-uniao-regional-e-desafios-do-comercio-durante-posse-do-sindilojas\\\/#primaryimage\"},\"image\":{\"@id\":\"https:\\\/\\\/www.amau.com.br\\\/site\\\/presidente-da-amau-destaca-uniao-regional-e-desafios-do-comercio-durante-posse-do-sindilojas\\\/#primaryimage\"},\"thumbnailUrl\":\"https:\\\/\\\/www.amau.com.br\\\/site\\\/wp-content\\\/uploads\\\/2026\\\/04\\\/bebd4e14-ea7a-4afd-99a5-55b6195861e4.jpg\",\"datePublished\":\"2026-04-27T13:27:40+00:00\",\"breadcrumb\":{\"@id\":\"https:\\\/\\\/www.amau.com.br\\\/site\\\/presidente-da-amau-destaca-uniao-regional-e-desafios-do-comercio-durante-posse-do-sindilojas\\\/#breadcrumb\"},\"inLanguage\":\"pt-BR\",\"potentialAction\":[{\"@type\":\"ReadAction\",\"target\":[\"https:\\\/\\\/www.amau.com.br\\\/site\\\/presidente-da-amau-destaca-uniao-regional-e-desafios-do-comercio-durante-posse-do-sindilojas\\\/\"]}]},{\"@type\":\"ImageObject\",\"inLanguage\":\"pt-BR\",\"@id\":\"https:\\\/\\\/www.amau.com.br\\\/site\\\/presidente-da-amau-destaca-uniao-regional-e-desafios-do-comercio-durante-posse-do-sindilojas\\\/#primaryimage\",\"url\":\"https:\\\/\\\/www.amau.com.br\\\/site\\\/wp-content\\\/uploads\\\/2026\\\/04\\\/bebd4e14-ea7a-4afd-99a5-55b6195861e4.jpg\",\"contentUrl\":\"https:\\\/\\\/www.amau.com.br\\\/site\\\/wp-content\\\/uploads\\\/2026\\\/04\\\/bebd4e14-ea7a-4afd-99a5-55b6195861e4.jpg\",\"width\":1600,\"height\":1068,\"caption\":\"Foto Elsa\"},{\"@type\":\"BreadcrumbList\",\"@id\":\"https:\\\/\\\/www.amau.com.br\\\/site\\\/presidente-da-amau-destaca-uniao-regional-e-desafios-do-comercio-durante-posse-do-sindilojas\\\/#breadcrumb\",\"itemListElement\":[{\"@type\":\"ListItem\",\"position\":1,\"name\":\"Home\",\"item\":\"https:\\\/\\\/www.amau.com.br\\\/site\\\/\"},{\"@type\":\"ListItem\",\"position\":2,\"name\":\"Presidente da AMAU destaca uni\u00e3o regional e desafios do com\u00e9rcio durante posse do Sindilojas\"}]},{\"@type\":\"WebSite\",\"@id\":\"https:\\\/\\\/www.amau.com.br\\\/site\\\/#website\",\"url\":\"https:\\\/\\\/www.amau.com.br\\\/site\\\/\",\"name\":\"AMAU - Associa\u00e7\u00e3o de Munic\u00edpios do Alto Uruguai\",\"description\":\"Construindo alternativas para o desenvolvimento.\",\"publisher\":{\"@id\":\"https:\\\/\\\/www.amau.com.br\\\/site\\\/#organization\"},\"potentialAction\":[{\"@type\":\"SearchAction\",\"target\":{\"@type\":\"EntryPoint\",\"urlTemplate\":\"https:\\\/\\\/www.amau.com.br\\\/site\\\/?s={search_term_string}\"},\"query-input\":{\"@type\":\"PropertyValueSpecification\",\"valueRequired\":true,\"valueName\":\"search_term_string\"}}],\"inLanguage\":\"pt-BR\"},{\"@type\":\"Organization\",\"@id\":\"https:\\\/\\\/www.amau.com.br\\\/site\\\/#organization\",\"name\":\"AMAU - Associa\u00e7\u00e3o de Munic\u00edpios do Alto Uruguai\",\"url\":\"https:\\\/\\\/www.amau.com.br\\\/site\\\/\",\"logo\":{\"@type\":\"ImageObject\",\"inLanguage\":\"pt-BR\",\"@id\":\"https:\\\/\\\/www.amau.com.br\\\/site\\\/#\\\/schema\\\/logo\\\/image\\\/\",\"url\":\"https:\\\/\\\/www.amau.com.br\\\/site\\\/wp-content\\\/uploads\\\/2017\\\/04\\\/cropped-Amau-Logos-Site-300-1.png\",\"contentUrl\":\"https:\\\/\\\/www.amau.com.br\\\/site\\\/wp-content\\\/uploads\\\/2017\\\/04\\\/cropped-Amau-Logos-Site-300-1.png\",\"width\":807,\"height\":221,\"caption\":\"AMAU - Associa\u00e7\u00e3o de Munic\u00edpios do Alto Uruguai\"},\"image\":{\"@id\":\"https:\\\/\\\/www.amau.com.br\\\/site\\\/#\\\/schema\\\/logo\\\/image\\\/\"},\"sameAs\":[\"http:\\\/\\\/www.facebook.com\\\/amauaaltouruguai\"]},{\"@type\":\"Person\",\"@id\":\"https:\\\/\\\/www.amau.com.br\\\/site\\\/#\\\/schema\\\/person\\\/710642c7561862e3b2802cd86152377a\",\"name\":\"Rodrigo Finardi\",\"image\":{\"@type\":\"ImageObject\",\"inLanguage\":\"pt-BR\",\"@id\":\"https:\\\/\\\/www.amau.com.br\\\/site\\\/wp-content\\\/uploads\\\/2023\\\/02\\\/avatar_user_42_1675702825-96x96.png\",\"url\":\"https:\\\/\\\/www.amau.com.br\\\/site\\\/wp-content\\\/uploads\\\/2023\\\/02\\\/avatar_user_42_1675702825-96x96.png\",\"contentUrl\":\"https:\\\/\\\/www.amau.com.br\\\/site\\\/wp-content\\\/uploads\\\/2023\\\/02\\\/avatar_user_42_1675702825-96x96.png\",\"caption\":\"Rodrigo Finardi\"},\"url\":\"https:\\\/\\\/www.amau.com.br\\\/site\\\/author\\\/rodrigo-finardi\\\/\"}]}<\/script>\n<!-- \/ Yoast SEO plugin. -->","yoast_head_json":{"title":"Presidente da AMAU destaca uni\u00e3o regional e desafios do com\u00e9rcio durante posse do Sindilojas - AMAU - Associa\u00e7\u00e3o de Munic\u00edpios do Alto Uruguai","robots":{"index":"index","follow":"follow","max-snippet":"max-snippet:-1","max-image-preview":"max-image-preview:large","max-video-preview":"max-video-preview:-1"},"canonical":"https:\/\/www.amau.com.br\/site\/presidente-da-amau-destaca-uniao-regional-e-desafios-do-comercio-durante-posse-do-sindilojas\/","og_locale":"pt_BR","og_type":"article","og_title":"Presidente da AMAU destaca uni\u00e3o regional e desafios do com\u00e9rcio durante posse do Sindilojas - AMAU - Associa\u00e7\u00e3o de Munic\u00edpios do Alto Uruguai","og_description":"Durante a cerim\u00f4nia de posse da nova diretoria do Sindilojas Erechim, na noite da \u00faltima sexta-feira, 24, que reconduziu Jos\u00e9 Gelso Miola a presid\u00eancia e anunciado como 1\u00ba vice-presidente do Sistema Fecom\u00e9rcio-RS\/Sesc\/Senac e IFEP para a gest\u00e3o 2026-2030, o presidente da AMAU e prefeito de Centen\u00e1rio, Genoir Florek (Neninho), ressaltou a import\u00e2ncia da organiza\u00e7\u00e3o das [&hellip;]","og_url":"https:\/\/www.amau.com.br\/site\/presidente-da-amau-destaca-uniao-regional-e-desafios-do-comercio-durante-posse-do-sindilojas\/","og_site_name":"AMAU - Associa\u00e7\u00e3o de Munic\u00edpios do Alto Uruguai","article_publisher":"http:\/\/www.facebook.com\/amauaaltouruguai","article_published_time":"2026-04-27T13:27:40+00:00","og_image":[{"width":1600,"height":1068,"url":"https:\/\/www.amau.com.br\/site\/wp-content\/uploads\/2026\/04\/bebd4e14-ea7a-4afd-99a5-55b6195861e4.jpg","type":"image\/jpeg"}],"author":"Rodrigo Finardi","twitter_card":"summary_large_image","twitter_misc":{"Escrito por":"Rodrigo Finardi","Est. tempo de leitura":"3 minutos"},"schema":{"@context":"https:\/\/schema.org","@graph":[{"@type":"Article","@id":"https:\/\/www.amau.com.br\/site\/presidente-da-amau-destaca-uniao-regional-e-desafios-do-comercio-durante-posse-do-sindilojas\/#article","isPartOf":{"@id":"https:\/\/www.amau.com.br\/site\/presidente-da-amau-destaca-uniao-regional-e-desafios-do-comercio-durante-posse-do-sindilojas\/"},"author":{"name":"Rodrigo Finardi","@id":"https:\/\/www.amau.com.br\/site\/#\/schema\/person\/710642c7561862e3b2802cd86152377a"},"headline":"Presidente da AMAU destaca uni\u00e3o regional e desafios do com\u00e9rcio durante posse do Sindilojas","datePublished":"2026-04-27T13:27:40+00:00","mainEntityOfPage":{"@id":"https:\/\/www.amau.com.br\/site\/presidente-da-amau-destaca-uniao-regional-e-desafios-do-comercio-durante-posse-do-sindilojas\/"},"wordCount":467,"commentCount":0,"publisher":{"@id":"https:\/\/www.amau.com.br\/site\/#organization"},"image":{"@id":"https:\/\/www.amau.com.br\/site\/presidente-da-amau-destaca-uniao-regional-e-desafios-do-comercio-durante-posse-do-sindilojas\/#primaryimage"},"thumbnailUrl":"https:\/\/www.amau.com.br\/site\/wp-content\/uploads\/2026\/04\/bebd4e14-ea7a-4afd-99a5-55b6195861e4.jpg","articleSection":["Not\u00edcias"],"inLanguage":"pt-BR","potentialAction":[{"@type":"CommentAction","name":"Comment","target":["https:\/\/www.amau.com.br\/site\/presidente-da-amau-destaca-uniao-regional-e-desafios-do-comercio-durante-posse-do-sindilojas\/#respond"]}]},{"@type":"WebPage","@id":"https:\/\/www.amau.com.br\/site\/presidente-da-amau-destaca-uniao-regional-e-desafios-do-comercio-durante-posse-do-sindilojas\/","url":"https:\/\/www.amau.com.br\/site\/presidente-da-amau-destaca-uniao-regional-e-desafios-do-comercio-durante-posse-do-sindilojas\/","name":"Presidente da AMAU destaca uni\u00e3o regional e desafios do com\u00e9rcio durante posse do Sindilojas - AMAU - Associa\u00e7\u00e3o de Munic\u00edpios do Alto Uruguai","isPartOf":{"@id":"https:\/\/www.amau.com.br\/site\/#website"},"primaryImageOfPage":{"@id":"https:\/\/www.amau.com.br\/site\/presidente-da-amau-destaca-uniao-regional-e-desafios-do-comercio-durante-posse-do-sindilojas\/#primaryimage"},"image":{"@id":"https:\/\/www.amau.com.br\/site\/presidente-da-amau-destaca-uniao-regional-e-desafios-do-comercio-durante-posse-do-sindilojas\/#primaryimage"},"thumbnailUrl":"https:\/\/www.amau.com.br\/site\/wp-content\/uploads\/2026\/04\/bebd4e14-ea7a-4afd-99a5-55b6195861e4.jpg","datePublished":"2026-04-27T13:27:40+00:00","breadcrumb":{"@id":"https:\/\/www.amau.com.br\/site\/presidente-da-amau-destaca-uniao-regional-e-desafios-do-comercio-durante-posse-do-sindilojas\/#breadcrumb"},"inLanguage":"pt-BR","potentialAction":[{"@type":"ReadAction","target":["https:\/\/www.amau.com.br\/site\/presidente-da-amau-destaca-uniao-regional-e-desafios-do-comercio-durante-posse-do-sindilojas\/"]}]},{"@type":"ImageObject","inLanguage":"pt-BR","@id":"https:\/\/www.amau.com.br\/site\/presidente-da-amau-destaca-uniao-regional-e-desafios-do-comercio-durante-posse-do-sindilojas\/#primaryimage","url":"https:\/\/www.amau.com.br\/site\/wp-content\/uploads\/2026\/04\/bebd4e14-ea7a-4afd-99a5-55b6195861e4.jpg","contentUrl":"https:\/\/www.amau.com.br\/site\/wp-content\/uploads\/2026\/04\/bebd4e14-ea7a-4afd-99a5-55b6195861e4.jpg","width":1600,"height":1068,"caption":"Foto Elsa"},{"@type":"BreadcrumbList","@id":"https:\/\/www.amau.com.br\/site\/presidente-da-amau-destaca-uniao-regional-e-desafios-do-comercio-durante-posse-do-sindilojas\/#breadcrumb","itemListElement":[{"@type":"ListItem","position":1,"name":"Home","item":"https:\/\/www.amau.com.br\/site\/"},{"@type":"ListItem","position":2,"name":"Presidente da AMAU destaca uni\u00e3o regional e desafios do com\u00e9rcio durante posse do Sindilojas"}]},{"@type":"WebSite","@id":"https:\/\/www.amau.com.br\/site\/#website","url":"https:\/\/www.amau.com.br\/site\/","name":"AMAU - Associa\u00e7\u00e3o de Munic\u00edpios do Alto Uruguai","description":"Construindo alternativas para o desenvolvimento.","publisher":{"@id":"https:\/\/www.amau.com.br\/site\/#organization"},"potentialAction":[{"@type":"SearchAction","target":{"@type":"EntryPoint","urlTemplate":"https:\/\/www.amau.com.br\/site\/?s={search_term_string}"},"query-input":{"@type":"PropertyValueSpecification","valueRequired":true,"valueName":"search_term_string"}}],"inLanguage":"pt-BR"},{"@type":"Organization","@id":"https:\/\/www.amau.com.br\/site\/#organization","name":"AMAU - Associa\u00e7\u00e3o de Munic\u00edpios do Alto Uruguai","url":"https:\/\/www.amau.com.br\/site\/","logo":{"@type":"ImageObject","inLanguage":"pt-BR","@id":"https:\/\/www.amau.com.br\/site\/#\/schema\/logo\/image\/","url":"https:\/\/www.amau.com.br\/site\/wp-content\/uploads\/2017\/04\/cropped-Amau-Logos-Site-300-1.png","contentUrl":"https:\/\/www.amau.com.br\/site\/wp-content\/uploads\/2017\/04\/cropped-Amau-Logos-Site-300-1.png","width":807,"height":221,"caption":"AMAU - Associa\u00e7\u00e3o de Munic\u00edpios do Alto Uruguai"},"image":{"@id":"https:\/\/www.amau.com.br\/site\/#\/schema\/logo\/image\/"},"sameAs":["http:\/\/www.facebook.com\/amauaaltouruguai"]},{"@type":"Person","@id":"https:\/\/www.amau.com.br\/site\/#\/schema\/person\/710642c7561862e3b2802cd86152377a","name":"Rodrigo Finardi","image":{"@type":"ImageObject","inLanguage":"pt-BR","@id":"https:\/\/www.amau.com.br\/site\/wp-content\/uploads\/2023\/02\/avatar_user_42_1675702825-96x96.png","url":"https:\/\/www.amau.com.br\/site\/wp-content\/uploads\/2023\/02\/avatar_user_42_1675702825-96x96.png","contentUrl":"https:\/\/www.amau.com.br\/site\/wp-content\/uploads\/2023\/02\/avatar_user_42_1675702825-96x96.png","caption":"Rodrigo Finardi"},"url":"https:\/\/www.amau.com.br\/site\/author\/rodrigo-finardi\/"}]}},"_links":{"self":[{"href":"https:\/\/www.amau.com.br\/site\/wp-json\/wp\/v2\/posts\/17742","targetHints":{"allow":["GET"]}}],"collection":[{"href":"https:\/\/www.amau.com.br\/site\/wp-json\/wp\/v2\/posts"}],"about":[{"href":"https:\/\/www.amau.com.br\/site\/wp-json\/wp\/v2\/types\/post"}],"author":[{"embeddable":true,"href":"https:\/\/www.amau.com.br\/site\/wp-json\/wp\/v2\/users\/42"}],"replies":[{"embeddable":true,"href":"https:\/\/www.amau.com.br\/site\/wp-json\/wp\/v2\/comments?post=17742"}],"version-history":[{"count":0,"href":"https:\/\/www.amau.com.br\/site\/wp-json\/wp\/v2\/posts\/17742\/revisions"}],"wp:featuredmedia":[{"embeddable":true,"href":"https:\/\/www.amau.com.br\/site\/wp-json\/wp\/v2\/media\/17741"}],"wp:attachment":[{"href":"https:\/\/www.amau.com.br\/site\/wp-json\/wp\/v2\/media?parent=17742"}],"wp:term":[{"taxonomy":"category","embeddable":true,"href":"https:\/\/www.amau.com.br\/site\/wp-json\/wp\/v2\/categories?post=17742"},{"taxonomy":"post_tag","embeddable":true,"href":"https:\/\/www.amau.com.br\/site\/wp-json\/wp\/v2\/tags?post=17742"}],"curies":[{"name":"wp","href":"https:\/\/api.w.org\/{rel}","templated":true}]}}